{"id":11150,"date":"2023-05-12T17:59:00","date_gmt":"2023-05-12T21:59:00","guid":{"rendered":"https:\/\/www.crystal-lagoons.com\/?p=11150"},"modified":"2023-10-24T10:17:52","modified_gmt":"2023-10-24T13:17:52","slug":"crystal-lagoons-se-consolida-en-costa-rica-con-seis-nuevos-proyectos","status":"publish","type":"post","link":"https:\/\/www.crystal-lagoons.com\/es\/crystal-lagoons-se-consolida-en-costa-rica-con-seis-nuevos-proyectos\/","title":{"rendered":"Crystal Lagoons desarrollar\u00e1 seis proyectos en Costa Rica"},"content":{"rendered":"\t\t<div data-elementor-type=\"wp-post\" data-elementor-id=\"11150\" class=\"elementor elementor-11150\" data-elementor-post-type=\"post\">\n\t\t\t\t\t\t<section data-particle_enable=\"false\" data-particle-mobile-disabled=\"false\" class=\"elementor-section elementor-top-section elementor-element elementor-element-676a0c5 elementor-section-boxed elementor-section-height-default elementor-section-height-default\" data-id=\"676a0c5\" data-element_type=\"section\" data-e-type=\"section\">\n\t\t\t\t\t\t<div class=\"elementor-container elementor-column-gap-default\">\n\t\t\t\t\t<div class=\"elementor-column elementor-col-100 elementor-top-column elementor-element elementor-element-461fb0e\" data-id=\"461fb0e\" data-element_type=\"column\" data-e-type=\"column\">\n\t\t\t<div class=\"elementor-widget-wrap elementor-element-populated\">\n\t\t\t\t\t\t<div class=\"elementor-element elementor-element-e55cf41 elementor-widget elementor-widget-text-editor\" data-id=\"e55cf41\" data-element_type=\"widget\" data-e-type=\"widget\" data-widget_type=\"text-editor.default\">\n\t\t\t\t<div class=\"elementor-widget-container\">\n\t\t\t\t\t\t\t\t\t<p><strong>Costa Rica<\/strong> se conoce como la <strong>\u201cSuiza centroamericana\u201d<\/strong> por su estabilidad pol\u00edtica, econ\u00f3mica y compromiso medioambiental. Tambi\u00e9n, por sus m\u00e1s de <strong>600 playas<\/strong> y 1.290 kil\u00f3metros de costa. En este <strong>destino paradis\u00edaco <\/strong><a href=\"https:\/\/www.crystal-lagoons.com\/es\/concepto-tecnologia\/\"><strong>Crystal Lagoons<\/strong><\/a><strong>,<\/strong> multinacional fundada por <a href=\"https:\/\/fernandofischmann.com\/es\/\"><strong>Fernando Fischmann<\/strong><\/a>, concret\u00f3 un nuevo mega acuerdo para seis proyectos inmobiliarios que, junto a otros 3 complejos <a href=\"https:\/\/www.crystal-lagoons.com\/es\/public-access-lagoons\/\"><strong>Public Access Lagoons\u2122<\/strong><\/a> previos, consolidan su <strong>presencia <\/strong>en este pa\u00eds.<\/p><p><span style=\"color: var( --e-global-color-text ); font-family: var( --e-global-typography-text-font-family ), Sans-serif; font-size: var( --e-global-typography-text-font-size ); font-weight: var( --e-global-typography-text-font-weight ); letter-spacing: var( --e-global-typography-text-letter-spacing );\">El primero de ellos contempla <\/span><strong style=\"color: var( --e-global-color-text ); font-family: var( --e-global-typography-text-font-family ), Sans-serif; font-size: var( --e-global-typography-text-font-size ); letter-spacing: var( --e-global-typography-text-letter-spacing );\">cinco condominios<\/strong><span style=\"color: var( --e-global-color-text ); font-family: var( --e-global-typography-text-font-family ), Sans-serif; font-size: var( --e-global-typography-text-font-size ); font-weight: var( --e-global-typography-text-font-weight ); letter-spacing: var( --e-global-typography-text-letter-spacing );\"> con 1.045 unidades residenciales en total. Su elemento central, ser\u00e1 una <\/span><strong style=\"color: var( --e-global-color-text ); font-family: var( --e-global-typography-text-font-family ), Sans-serif; font-size: var( --e-global-typography-text-font-size ); letter-spacing: var( --e-global-typography-text-letter-spacing );\">laguna cristalina de 1,4 hect\u00e1reas<\/strong><span style=\"color: var( --e-global-color-text ); font-family: var( --e-global-typography-text-font-family ), Sans-serif; font-size: var( --e-global-typography-text-font-size ); font-weight: var( --e-global-typography-text-font-weight ); letter-spacing: var( --e-global-typography-text-letter-spacing );\">, apta para ba\u00f1o y deportes n\u00e1uticos, rodeada de <\/span><strong style=\"color: var( --e-global-color-text ); font-family: var( --e-global-typography-text-font-family ), Sans-serif; font-size: var( --e-global-typography-text-font-size ); letter-spacing: var( --e-global-typography-text-letter-spacing );\">playas de arenas blancas<\/strong><span style=\"color: var( --e-global-color-text ); font-family: var( --e-global-typography-text-font-family ), Sans-serif; font-size: var( --e-global-typography-text-font-size ); font-weight: var( --e-global-typography-text-font-weight ); letter-spacing: var( --e-global-typography-text-letter-spacing );\">. Los restantes desarrollos, algunos de los cuales podr\u00edan incorporar en sus lagunas \u00e1reas de acceso p\u00fablico, est\u00e1n planificados en diversas provincias del pa\u00eds.<\/span><\/p><p><span style=\"color: var( --e-global-color-text ); font-family: var( --e-global-typography-text-font-family ), Sans-serif; font-size: var( --e-global-typography-text-font-size ); font-weight: var( --e-global-typography-text-font-weight ); letter-spacing: var( --e-global-typography-text-letter-spacing );\">\u201cEl inter\u00e9s por desarrollar proyectos con <\/span><a style=\"font-family: var( --e-global-typography-text-font-family ), Sans-serif; font-size: var( --e-global-typography-text-font-size ); font-weight: var( --e-global-typography-text-font-weight ); letter-spacing: var( --e-global-typography-text-letter-spacing );\" href=\"https:\/\/www.crystal-lagoons.com\/es\/ofrecemos\/\"><strong>lagunas de Crystal Lagoons<\/strong><\/a><span style=\"color: var( --e-global-color-text ); font-family: var( --e-global-typography-text-font-family ), Sans-serif; font-size: var( --e-global-typography-text-font-size ); font-weight: var( --e-global-typography-text-font-weight ); letter-spacing: var( --e-global-typography-text-letter-spacing );\"> en <\/span><strong style=\"color: var( --e-global-color-text ); font-family: var( --e-global-typography-text-font-family ), Sans-serif; font-size: var( --e-global-typography-text-font-size ); letter-spacing: var( --e-global-typography-text-letter-spacing );\">destinos tur\u00edsticos del Caribe<\/strong><span style=\"color: var( --e-global-color-text ); font-family: var( --e-global-typography-text-font-family ), Sans-serif; font-size: var( --e-global-typography-text-font-size ); font-weight: var( --e-global-typography-text-font-weight ); letter-spacing: var( --e-global-typography-text-letter-spacing );\">, como Costa Rica, demuestra el <\/span><strong style=\"color: var( --e-global-color-text ); font-family: var( --e-global-typography-text-font-family ), Sans-serif; font-size: var( --e-global-typography-text-font-size ); letter-spacing: var( --e-global-typography-text-letter-spacing );\">valor agregado de este amenity<\/strong><span style=\"color: var( --e-global-color-text ); font-family: var( --e-global-typography-text-font-family ), Sans-serif; font-size: var( --e-global-typography-text-font-size ); font-weight: var( --e-global-typography-text-font-weight ); letter-spacing: var( --e-global-typography-text-letter-spacing );\">. No importa si son <\/span><strong style=\"color: var( --e-global-color-text ); font-family: var( --e-global-typography-text-font-family ), Sans-serif; font-size: var( --e-global-typography-text-font-size ); letter-spacing: var( --e-global-typography-text-letter-spacing );\">ciudades costeras<\/strong> <strong style=\"color: var( --e-global-color-text ); font-family: var( --e-global-typography-text-font-family ), Sans-serif; font-size: var( --e-global-typography-text-font-size ); letter-spacing: var( --e-global-typography-text-letter-spacing );\">o mediterr\u00e1neas<\/strong><span style=\"color: var( --e-global-color-text ); font-family: var( --e-global-typography-text-font-family ), Sans-serif; font-size: var( --e-global-typography-text-font-size ); font-weight: var( --e-global-typography-text-font-weight ); letter-spacing: var( --e-global-typography-text-letter-spacing );\">, estos cuerpos de agua color turquesa entregan la experiencia de <\/span><strong style=\"color: var( --e-global-color-text ); font-family: var( --e-global-typography-text-font-family ), Sans-serif; font-size: var( --e-global-typography-text-font-size ); letter-spacing: var( --e-global-typography-text-letter-spacing );\">para\u00edso tropical<\/strong><span style=\"color: var( --e-global-color-text ); font-family: var( --e-global-typography-text-font-family ), Sans-serif; font-size: var( --e-global-typography-text-font-size ); font-weight: var( --e-global-typography-text-font-weight ); letter-spacing: var( --e-global-typography-text-letter-spacing );\"> en cualquier lugar del mundo\u201d, explica Miguel \u00c1ngel Caba\u00f1as, director regional de Crystal Lagoons para Latinoam\u00e9rica y el Caribe.\u00a0\u00a0<\/span><\/p><p><span style=\"color: var( --e-global-color-text ); font-family: var( --e-global-typography-text-font-family ), Sans-serif; font-size: var( --e-global-typography-text-font-size ); font-weight: var( --e-global-typography-text-font-weight ); letter-spacing: var( --e-global-typography-text-letter-spacing );\">Con estos nuevos complejos, <\/span><strong style=\"color: var( --e-global-color-text ); font-family: var( --e-global-typography-text-font-family ), Sans-serif; font-size: var( --e-global-typography-text-font-size ); letter-spacing: var( --e-global-typography-text-letter-spacing );\">Crystal Lagoons<\/strong><span style=\"color: var( --e-global-color-text ); font-family: var( --e-global-typography-text-font-family ), Sans-serif; font-size: var( --e-global-typography-text-font-size ); font-weight: var( --e-global-typography-text-font-weight ); letter-spacing: var( --e-global-typography-text-letter-spacing );\"> totaliza <\/span><strong style=\"color: var( --e-global-color-text ); font-family: var( --e-global-typography-text-font-family ), Sans-serif; font-size: var( --e-global-typography-text-font-size ); letter-spacing: var( --e-global-typography-text-letter-spacing );\">22 proyectos<\/strong><span style=\"color: var( --e-global-color-text ); font-family: var( --e-global-typography-text-font-family ), Sans-serif; font-size: var( --e-global-typography-text-font-size ); font-weight: var( --e-global-typography-text-font-weight ); letter-spacing: var( --e-global-typography-text-letter-spacing );\"> en distintas etapas de desarrollo en Costa Rica. Uno de ellos es un proyecto de acceso p\u00fablico, tambi\u00e9n conocidos como <\/span><strong style=\"color: var( --e-global-color-text ); font-family: var( --e-global-typography-text-font-family ), Sans-serif; font-size: var( --e-global-typography-text-font-size ); letter-spacing: var( --e-global-typography-text-letter-spacing );\">complejos PAL\u2122<\/strong><span style=\"color: var( --e-global-color-text ); font-family: var( --e-global-typography-text-font-family ), Sans-serif; font-size: var( --e-global-typography-text-font-size ); font-weight: var( --e-global-typography-text-font-weight ); letter-spacing: var( --e-global-typography-text-letter-spacing );\">, que tendr\u00e1 una <\/span><strong style=\"color: var( --e-global-color-text ); font-family: var( --e-global-typography-text-font-family ), Sans-serif; font-size: var( --e-global-typography-text-font-size ); letter-spacing: var( --e-global-typography-text-letter-spacing );\">laguna de 2,5 hect\u00e1reas<\/strong><span style=\"color: var( --e-global-color-text ); font-family: var( --e-global-typography-text-font-family ), Sans-serif; font-size: var( --e-global-typography-text-font-size ); font-weight: var( --e-global-typography-text-font-weight ); letter-spacing: var( --e-global-typography-text-letter-spacing );\"> y cuya particularidad es que estar\u00e1 inserto en el <\/span><strong style=\"color: var( --e-global-color-text ); font-family: var( --e-global-typography-text-font-family ), Sans-serif; font-size: var( --e-global-typography-text-font-size ); letter-spacing: var( --e-global-typography-text-letter-spacing );\">megaproyecto inmobiliario<\/strong> <a style=\"font-family: var( --e-global-typography-text-font-family ), Sans-serif; font-size: var( --e-global-typography-text-font-size ); font-weight: var( --e-global-typography-text-font-weight ); letter-spacing: var( --e-global-typography-text-letter-spacing );\" href=\"https:\/\/nya.cr\/es\/\"><strong>NYA<\/strong><\/a><span style=\"color: var( --e-global-color-text ); font-family: var( --e-global-typography-text-font-family ), Sans-serif; font-size: var( --e-global-typography-text-font-size ); font-weight: var( --e-global-typography-text-font-weight ); letter-spacing: var( --e-global-typography-text-letter-spacing );\">, de 900 hect\u00e1reas, que cuenta con otra <\/span><strong style=\"color: var( --e-global-color-text ); font-family: var( --e-global-typography-text-font-family ), Sans-serif; font-size: var( --e-global-typography-text-font-size ); letter-spacing: var( --e-global-typography-text-letter-spacing );\">laguna cristalina de 3,5 hect\u00e1reas<\/strong><span style=\"color: var( --e-global-color-text ); font-family: var( --e-global-typography-text-font-family ), Sans-serif; font-size: var( --e-global-typography-text-font-size ); font-weight: var( --e-global-typography-text-font-weight ); letter-spacing: var( --e-global-typography-text-letter-spacing );\"> en una zona residencial privada.<\/span><\/p><p><span style=\"color: var( --e-global-color-text ); font-family: var( --e-global-typography-text-font-family ), Sans-serif; font-size: var( --e-global-typography-text-font-size ); font-weight: var( --e-global-typography-text-font-weight ); letter-spacing: var( --e-global-typography-text-letter-spacing );\">Se trata de un desarrollo enfocado en jubilados de <\/span><strong style=\"color: var( --e-global-color-text ); font-family: var( --e-global-typography-text-font-family ), Sans-serif; font-size: var( --e-global-typography-text-font-size ); letter-spacing: var( --e-global-typography-text-letter-spacing );\">EE.UU.<\/strong><span style=\"color: var( --e-global-color-text ); font-family: var( --e-global-typography-text-font-family ), Sans-serif; font-size: var( --e-global-typography-text-font-size ); font-weight: var( --e-global-typography-text-font-weight ); letter-spacing: var( --e-global-typography-text-letter-spacing );\"> y costarricenses de alto patrimonio, ubicado en <\/span><strong style=\"color: var( --e-global-color-text ); font-family: var( --e-global-typography-text-font-family ), Sans-serif; font-size: var( --e-global-typography-text-font-size ); letter-spacing: var( --e-global-typography-text-letter-spacing );\">Guanacaste<\/strong><span style=\"color: var( --e-global-color-text ); font-family: var( --e-global-typography-text-font-family ), Sans-serif; font-size: var( --e-global-typography-text-font-size ); font-weight: var( --e-global-typography-text-font-weight ); letter-spacing: var( --e-global-typography-text-letter-spacing );\">, a 40 kms. de la costa pac\u00edfica, el primero de <\/span><strong style=\"color: var( --e-global-color-text ); font-family: var( --e-global-typography-text-font-family ), Sans-serif; font-size: var( --e-global-typography-text-font-size ); letter-spacing: var( --e-global-typography-text-letter-spacing );\">11 proyectos PAL\u2122<\/strong><span style=\"color: var( --e-global-color-text ); font-family: var( --e-global-typography-text-font-family ), Sans-serif; font-size: var( --e-global-typography-text-font-size ); font-weight: var( --e-global-typography-text-font-weight ); letter-spacing: var( --e-global-typography-text-letter-spacing );\"> considerados en el acuerdo de exclusividad con el conglomerado <\/span><strong style=\"color: var( --e-global-color-text ); font-family: var( --e-global-typography-text-font-family ), Sans-serif; font-size: var( --e-global-typography-text-font-size ); letter-spacing: var( --e-global-typography-text-letter-spacing );\">Blue Water Ventures<\/strong><span style=\"color: var( --e-global-color-text ); font-family: var( --e-global-typography-text-font-family ), Sans-serif; font-size: var( --e-global-typography-text-font-size ); font-weight: var( --e-global-typography-text-font-weight ); letter-spacing: var( --e-global-typography-text-letter-spacing );\"> para complejos en Costa Rica y Guatemala.<\/span><\/p><p><span style=\"color: var( --e-global-color-text ); font-family: var( --e-global-typography-text-font-family ), Sans-serif; font-size: var( --e-global-typography-text-font-size ); font-weight: var( --e-global-typography-text-font-weight ); letter-spacing: var( --e-global-typography-text-letter-spacing );\">\u00abLos <\/span><strong style=\"color: var( --e-global-color-text ); font-family: var( --e-global-typography-text-font-family ), Sans-serif; font-size: var( --e-global-typography-text-font-size ); letter-spacing: var( --e-global-typography-text-letter-spacing );\">desarrollos PAL\u2122<\/strong><span style=\"color: var( --e-global-color-text ); font-family: var( --e-global-typography-text-font-family ), Sans-serif; font-size: var( --e-global-typography-text-font-size ); font-weight: var( --e-global-typography-text-font-weight ); letter-spacing: var( --e-global-typography-text-letter-spacing );\"> permiten el acceso a la laguna cristalina y playas de arenas blancas a cualquier persona a trav\u00e9s del <\/span><strong style=\"color: var( --e-global-color-text ); font-family: var( --e-global-typography-text-font-family ), Sans-serif; font-size: var( --e-global-typography-text-font-size ); letter-spacing: var( --e-global-typography-text-letter-spacing );\">pago de un ticket<\/strong><span style=\"color: var( --e-global-color-text ); font-family: var( --e-global-typography-text-font-family ), Sans-serif; font-size: var( --e-global-typography-text-font-size ); font-weight: var( --e-global-typography-text-font-weight ); letter-spacing: var( --e-global-typography-text-letter-spacing );\">, entregando la experiencia de <\/span><strong style=\"color: var( --e-global-color-text ); font-family: var( --e-global-typography-text-font-family ), Sans-serif; font-size: var( --e-global-typography-text-font-size ); letter-spacing: var( --e-global-typography-text-letter-spacing );\">para\u00edso tropical<\/strong><span style=\"color: var( --e-global-color-text ); font-family: var( --e-global-typography-text-font-family ), Sans-serif; font-size: var( --e-global-typography-text-font-size ); font-weight: var( --e-global-typography-text-font-weight ); letter-spacing: var( --e-global-typography-text-letter-spacing );\"> en medio de la ciudad. Adicionalmente, alrededor de la laguna, cuentan con espacios para ferias, lanzamientos, food-halls, matrimonios, hoteles, tiendas, restaurantes, conciertos, terrazas, domos y anfiteatros\u201d, concluye Caba\u00f1as.<\/span><strong style=\"color: var( --e-global-color-text ); font-family: var( --e-global-typography-text-font-family ), Sans-serif; font-size: var( --e-global-typography-text-font-size ); letter-spacing: var( --e-global-typography-text-letter-spacing );\">\u00a0<\/strong><\/p><p><strong>Contenido original<\/strong><\/p>\t\t\t\t\t\t\t\t<\/div>\n\t\t\t\t<\/div>\n\t\t\t\t\t<\/div>\n\t\t<\/div>\n\t\t\t\t\t<\/div>\n\t\t<\/section>\n\t\t\t\t<\/div>\n\t\t","protected":false},"excerpt":{"rendered":"<p>Costa Rica se conoce como la \u201cSuiza centroamericana\u201d por su estabilidad pol\u00edtica, econ\u00f3mica y compromiso medioambiental. Tambi\u00e9n, por sus m\u00e1s de 600 playas y 1.290 kil\u00f3metros de costa. En este destino paradis\u00edaco Crystal Lagoons, multinacional fundada por Fernando Fischmann, concret\u00f3 un nuevo mega acuerdo para seis proyectos inmobiliarios que, junto a otros 3 complejos Public [&hellip;]<\/p>\n","protected":false},"author":13,"featured_media":10914,"comment_status":"open","ping_status":"open","sticky":false,"template":"","format":"standard","meta":{"_acf_changed":false,"footnotes":""},"categories":[35],"tags":[],"class_list":["post-11150","post","type-post","status-publish","format-standard","has-post-thumbnail","hentry","category-ultimas-noticias"],"acf":[],"yoast_head":"<!-- This site is optimized with the Yoast SEO plugin v27.5 - https:\/\/yoast.com\/product\/yoast-seo-wordpress\/ -->\n<title>Crystal Lagoons desarrollar\u00e1 seis proyectos en Costa Rica - Crystal Lagoons<\/title>\n<meta name=\"description\" content=\"Costa Rica se conoce como la \u201cSuiza centroamericana\u201d por su estabilidad pol\u00edtica, econ\u00f3mica y compromiso medioambiental. Tambi\u00e9n, por sus m\u00e1s de 600 playas y 1.290 kil\u00f3metros de costa. En este destino paradis\u00edaco Crystal Lagoons, multinacional fundada por Fernando Fischmann, concret\u00f3 un nuevo mega acuerdo para seis proyectos inmobiliarios que, junto a otros 3 complejos Public Access Lagoons\u2122 previos, consolidan su presencia en este pa\u00eds.\" \/>\n<meta name=\"robots\" content=\"index, follow, max-snippet:-1, max-image-preview:large, max-video-preview:-1\" \/>\n<link rel=\"canonical\" href=\"https:\/\/www.crystal-lagoons.com\/es\/crystal-lagoons-se-consolida-en-costa-rica-con-seis-nuevos-proyectos\/\" \/>\n<meta property=\"og:locale\" content=\"es_ES\" \/>\n<meta property=\"og:type\" content=\"article\" \/>\n<meta property=\"og:title\" content=\"Crystal Lagoons desarrollar\u00e1 seis proyectos en Costa Rica - Crystal Lagoons\" \/>\n<meta property=\"og:description\" content=\"Costa Rica se conoce como la \u201cSuiza centroamericana\u201d por su estabilidad pol\u00edtica, econ\u00f3mica y compromiso medioambiental. Tambi\u00e9n, por sus m\u00e1s de 600 playas y 1.290 kil\u00f3metros de costa. En este destino paradis\u00edaco Crystal Lagoons, multinacional fundada por Fernando Fischmann, concret\u00f3 un nuevo mega acuerdo para seis proyectos inmobiliarios que, junto a otros 3 complejos Public Access Lagoons\u2122 previos, consolidan su presencia en este pa\u00eds.\" \/>\n<meta property=\"og:url\" content=\"https:\/\/www.crystal-lagoons.com\/es\/crystal-lagoons-se-consolida-en-costa-rica-con-seis-nuevos-proyectos\/\" \/>\n<meta property=\"og:site_name\" content=\"Crystal Lagoons\" \/>\n<meta property=\"article:published_time\" content=\"2023-05-12T21:59:00+00:00\" \/>\n<meta property=\"article:modified_time\" content=\"2023-10-24T13:17:52+00:00\" \/>\n<meta property=\"og:image\" content=\"https:\/\/www.crystal-lagoons.com\/wp-content\/uploads\/2023\/05\/12-05-epperson_lagoon_2022_009-CRNEW-1920x1080-1.jpg\" \/>\n\t<meta property=\"og:image:width\" content=\"1920\" \/>\n\t<meta property=\"og:image:height\" content=\"1080\" \/>\n\t<meta property=\"og:image:type\" content=\"image\/jpeg\" \/>\n<meta name=\"author\" content=\"Crystal Lagoons Chile\" \/>\n<meta name=\"twitter:card\" content=\"summary_large_image\" \/>\n<meta name=\"twitter:label1\" content=\"Escrito por\" \/>\n\t<meta name=\"twitter:data1\" content=\"Crystal Lagoons Chile\" \/>\n\t<meta name=\"twitter:label2\" content=\"Tiempo de lectura\" \/>\n\t<meta name=\"twitter:data2\" content=\"2 minutos\" \/>\n<script type=\"application\/ld+json\" class=\"yoast-schema-graph\">{\"@context\":\"https:\\\/\\\/schema.org\",\"@graph\":[{\"@type\":\"Article\",\"@id\":\"https:\\\/\\\/www.crystal-lagoons.com\\\/es\\\/crystal-lagoons-se-consolida-en-costa-rica-con-seis-nuevos-proyectos\\\/#article\",\"isPartOf\":{\"@id\":\"https:\\\/\\\/www.crystal-lagoons.com\\\/es\\\/crystal-lagoons-se-consolida-en-costa-rica-con-seis-nuevos-proyectos\\\/\"},\"author\":{\"name\":\"Crystal Lagoons Chile\",\"@id\":\"https:\\\/\\\/www.crystal-lagoons.com\\\/#\\\/schema\\\/person\\\/581005553810409ff4ef2085da2226f4\"},\"headline\":\"Crystal Lagoons desarrollar\u00e1 seis proyectos en Costa Rica\",\"datePublished\":\"2023-05-12T21:59:00+00:00\",\"dateModified\":\"2023-10-24T13:17:52+00:00\",\"mainEntityOfPage\":{\"@id\":\"https:\\\/\\\/www.crystal-lagoons.com\\\/es\\\/crystal-lagoons-se-consolida-en-costa-rica-con-seis-nuevos-proyectos\\\/\"},\"wordCount\":391,\"commentCount\":0,\"publisher\":{\"@id\":\"https:\\\/\\\/www.crystal-lagoons.com\\\/#organization\"},\"image\":{\"@id\":\"https:\\\/\\\/www.crystal-lagoons.com\\\/es\\\/crystal-lagoons-se-consolida-en-costa-rica-con-seis-nuevos-proyectos\\\/#primaryimage\"},\"thumbnailUrl\":\"https:\\\/\\\/www.crystal-lagoons.com\\\/wp-content\\\/uploads\\\/2023\\\/05\\\/12-05-epperson_lagoon_2022_009-CRNEW-1920x1080-1.jpg\",\"articleSection\":[\"\u00daltimas Noticias\"],\"inLanguage\":\"es\"},{\"@type\":\"WebPage\",\"@id\":\"https:\\\/\\\/www.crystal-lagoons.com\\\/es\\\/crystal-lagoons-se-consolida-en-costa-rica-con-seis-nuevos-proyectos\\\/\",\"url\":\"https:\\\/\\\/www.crystal-lagoons.com\\\/es\\\/crystal-lagoons-se-consolida-en-costa-rica-con-seis-nuevos-proyectos\\\/\",\"name\":\"Crystal Lagoons desarrollar\u00e1 seis proyectos en Costa Rica - Crystal Lagoons\",\"isPartOf\":{\"@id\":\"https:\\\/\\\/www.crystal-lagoons.com\\\/#website\"},\"primaryImageOfPage\":{\"@id\":\"https:\\\/\\\/www.crystal-lagoons.com\\\/es\\\/crystal-lagoons-se-consolida-en-costa-rica-con-seis-nuevos-proyectos\\\/#primaryimage\"},\"image\":{\"@id\":\"https:\\\/\\\/www.crystal-lagoons.com\\\/es\\\/crystal-lagoons-se-consolida-en-costa-rica-con-seis-nuevos-proyectos\\\/#primaryimage\"},\"thumbnailUrl\":\"https:\\\/\\\/www.crystal-lagoons.com\\\/wp-content\\\/uploads\\\/2023\\\/05\\\/12-05-epperson_lagoon_2022_009-CRNEW-1920x1080-1.jpg\",\"datePublished\":\"2023-05-12T21:59:00+00:00\",\"dateModified\":\"2023-10-24T13:17:52+00:00\",\"description\":\"Costa Rica se conoce como la \u201cSuiza centroamericana\u201d por su estabilidad pol\u00edtica, econ\u00f3mica y compromiso medioambiental. Tambi\u00e9n, por sus m\u00e1s de 600 playas y 1.290 kil\u00f3metros de costa. En este destino paradis\u00edaco Crystal Lagoons, multinacional fundada por Fernando Fischmann, concret\u00f3 un nuevo mega acuerdo para seis proyectos inmobiliarios que, junto a otros 3 complejos Public Access Lagoons\u2122 previos, consolidan su presencia en este pa\u00eds.\",\"breadcrumb\":{\"@id\":\"https:\\\/\\\/www.crystal-lagoons.com\\\/es\\\/crystal-lagoons-se-consolida-en-costa-rica-con-seis-nuevos-proyectos\\\/#breadcrumb\"},\"inLanguage\":\"es\",\"potentialAction\":[{\"@type\":\"ReadAction\",\"target\":[\"https:\\\/\\\/www.crystal-lagoons.com\\\/es\\\/crystal-lagoons-se-consolida-en-costa-rica-con-seis-nuevos-proyectos\\\/\"]}]},{\"@type\":\"ImageObject\",\"inLanguage\":\"es\",\"@id\":\"https:\\\/\\\/www.crystal-lagoons.com\\\/es\\\/crystal-lagoons-se-consolida-en-costa-rica-con-seis-nuevos-proyectos\\\/#primaryimage\",\"url\":\"https:\\\/\\\/www.crystal-lagoons.com\\\/wp-content\\\/uploads\\\/2023\\\/05\\\/12-05-epperson_lagoon_2022_009-CRNEW-1920x1080-1.jpg\",\"contentUrl\":\"https:\\\/\\\/www.crystal-lagoons.com\\\/wp-content\\\/uploads\\\/2023\\\/05\\\/12-05-epperson_lagoon_2022_009-CRNEW-1920x1080-1.jpg\",\"width\":1920,\"height\":1080},{\"@type\":\"BreadcrumbList\",\"@id\":\"https:\\\/\\\/www.crystal-lagoons.com\\\/es\\\/crystal-lagoons-se-consolida-en-costa-rica-con-seis-nuevos-proyectos\\\/#breadcrumb\",\"itemListElement\":[{\"@type\":\"ListItem\",\"position\":1,\"name\":\"Portada\",\"item\":\"https:\\\/\\\/www.crystal-lagoons.com\\\/\"},{\"@type\":\"ListItem\",\"position\":2,\"name\":\"Crystal Lagoons desarrollar\u00e1 seis proyectos en Costa Rica\"}]},{\"@type\":\"WebSite\",\"@id\":\"https:\\\/\\\/www.crystal-lagoons.com\\\/#website\",\"url\":\"https:\\\/\\\/www.crystal-lagoons.com\\\/\",\"name\":\"Crystal Lagoons\",\"description\":\"\",\"publisher\":{\"@id\":\"https:\\\/\\\/www.crystal-lagoons.com\\\/#organization\"},\"potentialAction\":[{\"@type\":\"SearchAction\",\"target\":{\"@type\":\"EntryPoint\",\"urlTemplate\":\"https:\\\/\\\/www.crystal-lagoons.com\\\/?s={search_term_string}\"},\"query-input\":{\"@type\":\"PropertyValueSpecification\",\"valueRequired\":true,\"valueName\":\"search_term_string\"}}],\"inLanguage\":\"es\"},{\"@type\":\"Organization\",\"@id\":\"https:\\\/\\\/www.crystal-lagoons.com\\\/#organization\",\"name\":\"Crystal Lagoons\",\"url\":\"https:\\\/\\\/www.crystal-lagoons.com\\\/\",\"logo\":{\"@type\":\"ImageObject\",\"inLanguage\":\"es\",\"@id\":\"https:\\\/\\\/www.crystal-lagoons.com\\\/#\\\/schema\\\/logo\\\/image\\\/\",\"url\":\"https:\\\/\\\/www.crystal-lagoons.com\\\/wp-content\\\/uploads\\\/2023\\\/12\\\/logo_cl-1.png\",\"contentUrl\":\"https:\\\/\\\/www.crystal-lagoons.com\\\/wp-content\\\/uploads\\\/2023\\\/12\\\/logo_cl-1.png\",\"width\":687,\"height\":136,\"caption\":\"Crystal Lagoons\"},\"image\":{\"@id\":\"https:\\\/\\\/www.crystal-lagoons.com\\\/#\\\/schema\\\/logo\\\/image\\\/\"}},{\"@type\":\"Person\",\"@id\":\"https:\\\/\\\/www.crystal-lagoons.com\\\/#\\\/schema\\\/person\\\/581005553810409ff4ef2085da2226f4\",\"name\":\"Crystal Lagoons Chile\",\"image\":{\"@type\":\"ImageObject\",\"inLanguage\":\"es\",\"@id\":\"https:\\\/\\\/secure.gravatar.com\\\/avatar\\\/0394fd0b76d99c457bd6e0cba247351a537cbed5c75e7ff99039e125b101dc08?s=96&d=mm&r=g\",\"url\":\"https:\\\/\\\/secure.gravatar.com\\\/avatar\\\/0394fd0b76d99c457bd6e0cba247351a537cbed5c75e7ff99039e125b101dc08?s=96&d=mm&r=g\",\"contentUrl\":\"https:\\\/\\\/secure.gravatar.com\\\/avatar\\\/0394fd0b76d99c457bd6e0cba247351a537cbed5c75e7ff99039e125b101dc08?s=96&d=mm&r=g\",\"caption\":\"Crystal Lagoons Chile\"},\"url\":\"https:\\\/\\\/www.crystal-lagoons.com\\\/es\\\/author\\\/wpenginecrystal-lagoons-com\\\/\"}]}<\/script>\n<!-- \/ Yoast SEO plugin. -->","yoast_head_json":{"title":"Crystal Lagoons desarrollar\u00e1 seis proyectos en Costa Rica - Crystal Lagoons","description":"Costa Rica se conoce como la \u201cSuiza centroamericana\u201d por su estabilidad pol\u00edtica, econ\u00f3mica y compromiso medioambiental. Tambi\u00e9n, por sus m\u00e1s de 600 playas y 1.290 kil\u00f3metros de costa. En este destino paradis\u00edaco Crystal Lagoons, multinacional fundada por Fernando Fischmann, concret\u00f3 un nuevo mega acuerdo para seis proyectos inmobiliarios que, junto a otros 3 complejos Public Access Lagoons\u2122 previos, consolidan su presencia en este pa\u00eds.","robots":{"index":"index","follow":"follow","max-snippet":"max-snippet:-1","max-image-preview":"max-image-preview:large","max-video-preview":"max-video-preview:-1"},"canonical":"https:\/\/www.crystal-lagoons.com\/es\/crystal-lagoons-se-consolida-en-costa-rica-con-seis-nuevos-proyectos\/","og_locale":"es_ES","og_type":"article","og_title":"Crystal Lagoons desarrollar\u00e1 seis proyectos en Costa Rica - Crystal Lagoons","og_description":"Costa Rica se conoce como la \u201cSuiza centroamericana\u201d por su estabilidad pol\u00edtica, econ\u00f3mica y compromiso medioambiental. Tambi\u00e9n, por sus m\u00e1s de 600 playas y 1.290 kil\u00f3metros de costa. En este destino paradis\u00edaco Crystal Lagoons, multinacional fundada por Fernando Fischmann, concret\u00f3 un nuevo mega acuerdo para seis proyectos inmobiliarios que, junto a otros 3 complejos Public Access Lagoons\u2122 previos, consolidan su presencia en este pa\u00eds.","og_url":"https:\/\/www.crystal-lagoons.com\/es\/crystal-lagoons-se-consolida-en-costa-rica-con-seis-nuevos-proyectos\/","og_site_name":"Crystal Lagoons","article_published_time":"2023-05-12T21:59:00+00:00","article_modified_time":"2023-10-24T13:17:52+00:00","og_image":[{"width":1920,"height":1080,"url":"https:\/\/www.crystal-lagoons.com\/wp-content\/uploads\/2023\/05\/12-05-epperson_lagoon_2022_009-CRNEW-1920x1080-1.jpg","type":"image\/jpeg"}],"author":"Crystal Lagoons Chile","twitter_card":"summary_large_image","twitter_misc":{"Escrito por":"Crystal Lagoons Chile","Tiempo de lectura":"2 minutos"},"schema":{"@context":"https:\/\/schema.org","@graph":[{"@type":"Article","@id":"https:\/\/www.crystal-lagoons.com\/es\/crystal-lagoons-se-consolida-en-costa-rica-con-seis-nuevos-proyectos\/#article","isPartOf":{"@id":"https:\/\/www.crystal-lagoons.com\/es\/crystal-lagoons-se-consolida-en-costa-rica-con-seis-nuevos-proyectos\/"},"author":{"name":"Crystal Lagoons Chile","@id":"https:\/\/www.crystal-lagoons.com\/#\/schema\/person\/581005553810409ff4ef2085da2226f4"},"headline":"Crystal Lagoons desarrollar\u00e1 seis proyectos en Costa Rica","datePublished":"2023-05-12T21:59:00+00:00","dateModified":"2023-10-24T13:17:52+00:00","mainEntityOfPage":{"@id":"https:\/\/www.crystal-lagoons.com\/es\/crystal-lagoons-se-consolida-en-costa-rica-con-seis-nuevos-proyectos\/"},"wordCount":391,"commentCount":0,"publisher":{"@id":"https:\/\/www.crystal-lagoons.com\/#organization"},"image":{"@id":"https:\/\/www.crystal-lagoons.com\/es\/crystal-lagoons-se-consolida-en-costa-rica-con-seis-nuevos-proyectos\/#primaryimage"},"thumbnailUrl":"https:\/\/www.crystal-lagoons.com\/wp-content\/uploads\/2023\/05\/12-05-epperson_lagoon_2022_009-CRNEW-1920x1080-1.jpg","articleSection":["\u00daltimas Noticias"],"inLanguage":"es"},{"@type":"WebPage","@id":"https:\/\/www.crystal-lagoons.com\/es\/crystal-lagoons-se-consolida-en-costa-rica-con-seis-nuevos-proyectos\/","url":"https:\/\/www.crystal-lagoons.com\/es\/crystal-lagoons-se-consolida-en-costa-rica-con-seis-nuevos-proyectos\/","name":"Crystal Lagoons desarrollar\u00e1 seis proyectos en Costa Rica - Crystal Lagoons","isPartOf":{"@id":"https:\/\/www.crystal-lagoons.com\/#website"},"primaryImageOfPage":{"@id":"https:\/\/www.crystal-lagoons.com\/es\/crystal-lagoons-se-consolida-en-costa-rica-con-seis-nuevos-proyectos\/#primaryimage"},"image":{"@id":"https:\/\/www.crystal-lagoons.com\/es\/crystal-lagoons-se-consolida-en-costa-rica-con-seis-nuevos-proyectos\/#primaryimage"},"thumbnailUrl":"https:\/\/www.crystal-lagoons.com\/wp-content\/uploads\/2023\/05\/12-05-epperson_lagoon_2022_009-CRNEW-1920x1080-1.jpg","datePublished":"2023-05-12T21:59:00+00:00","dateModified":"2023-10-24T13:17:52+00:00","description":"Costa Rica se conoce como la \u201cSuiza centroamericana\u201d por su estabilidad pol\u00edtica, econ\u00f3mica y compromiso medioambiental. Tambi\u00e9n, por sus m\u00e1s de 600 playas y 1.290 kil\u00f3metros de costa. En este destino paradis\u00edaco Crystal Lagoons, multinacional fundada por Fernando Fischmann, concret\u00f3 un nuevo mega acuerdo para seis proyectos inmobiliarios que, junto a otros 3 complejos Public Access Lagoons\u2122 previos, consolidan su presencia en este pa\u00eds.","breadcrumb":{"@id":"https:\/\/www.crystal-lagoons.com\/es\/crystal-lagoons-se-consolida-en-costa-rica-con-seis-nuevos-proyectos\/#breadcrumb"},"inLanguage":"es","potentialAction":[{"@type":"ReadAction","target":["https:\/\/www.crystal-lagoons.com\/es\/crystal-lagoons-se-consolida-en-costa-rica-con-seis-nuevos-proyectos\/"]}]},{"@type":"ImageObject","inLanguage":"es","@id":"https:\/\/www.crystal-lagoons.com\/es\/crystal-lagoons-se-consolida-en-costa-rica-con-seis-nuevos-proyectos\/#primaryimage","url":"https:\/\/www.crystal-lagoons.com\/wp-content\/uploads\/2023\/05\/12-05-epperson_lagoon_2022_009-CRNEW-1920x1080-1.jpg","contentUrl":"https:\/\/www.crystal-lagoons.com\/wp-content\/uploads\/2023\/05\/12-05-epperson_lagoon_2022_009-CRNEW-1920x1080-1.jpg","width":1920,"height":1080},{"@type":"BreadcrumbList","@id":"https:\/\/www.crystal-lagoons.com\/es\/crystal-lagoons-se-consolida-en-costa-rica-con-seis-nuevos-proyectos\/#breadcrumb","itemListElement":[{"@type":"ListItem","position":1,"name":"Portada","item":"https:\/\/www.crystal-lagoons.com\/"},{"@type":"ListItem","position":2,"name":"Crystal Lagoons desarrollar\u00e1 seis proyectos en Costa Rica"}]},{"@type":"WebSite","@id":"https:\/\/www.crystal-lagoons.com\/#website","url":"https:\/\/www.crystal-lagoons.com\/","name":"Crystal Lagoons","description":"","publisher":{"@id":"https:\/\/www.crystal-lagoons.com\/#organization"},"potentialAction":[{"@type":"SearchAction","target":{"@type":"EntryPoint","urlTemplate":"https:\/\/www.crystal-lagoons.com\/?s={search_term_string}"},"query-input":{"@type":"PropertyValueSpecification","valueRequired":true,"valueName":"search_term_string"}}],"inLanguage":"es"},{"@type":"Organization","@id":"https:\/\/www.crystal-lagoons.com\/#organization","name":"Crystal Lagoons","url":"https:\/\/www.crystal-lagoons.com\/","logo":{"@type":"ImageObject","inLanguage":"es","@id":"https:\/\/www.crystal-lagoons.com\/#\/schema\/logo\/image\/","url":"https:\/\/www.crystal-lagoons.com\/wp-content\/uploads\/2023\/12\/logo_cl-1.png","contentUrl":"https:\/\/www.crystal-lagoons.com\/wp-content\/uploads\/2023\/12\/logo_cl-1.png","width":687,"height":136,"caption":"Crystal Lagoons"},"image":{"@id":"https:\/\/www.crystal-lagoons.com\/#\/schema\/logo\/image\/"}},{"@type":"Person","@id":"https:\/\/www.crystal-lagoons.com\/#\/schema\/person\/581005553810409ff4ef2085da2226f4","name":"Crystal Lagoons Chile","image":{"@type":"ImageObject","inLanguage":"es","@id":"https:\/\/secure.gravatar.com\/avatar\/0394fd0b76d99c457bd6e0cba247351a537cbed5c75e7ff99039e125b101dc08?s=96&d=mm&r=g","url":"https:\/\/secure.gravatar.com\/avatar\/0394fd0b76d99c457bd6e0cba247351a537cbed5c75e7ff99039e125b101dc08?s=96&d=mm&r=g","contentUrl":"https:\/\/secure.gravatar.com\/avatar\/0394fd0b76d99c457bd6e0cba247351a537cbed5c75e7ff99039e125b101dc08?s=96&d=mm&r=g","caption":"Crystal Lagoons Chile"},"url":"https:\/\/www.crystal-lagoons.com\/es\/author\/wpenginecrystal-lagoons-com\/"}]}},"_links":{"self":[{"href":"https:\/\/www.crystal-lagoons.com\/es\/wp-json\/wp\/v2\/posts\/11150","targetHints":{"allow":["GET"]}}],"collection":[{"href":"https:\/\/www.crystal-lagoons.com\/es\/wp-json\/wp\/v2\/posts"}],"about":[{"href":"https:\/\/www.crystal-lagoons.com\/es\/wp-json\/wp\/v2\/types\/post"}],"author":[{"embeddable":true,"href":"https:\/\/www.crystal-lagoons.com\/es\/wp-json\/wp\/v2\/users\/13"}],"replies":[{"embeddable":true,"href":"https:\/\/www.crystal-lagoons.com\/es\/wp-json\/wp\/v2\/comments?post=11150"}],"version-history":[{"count":0,"href":"https:\/\/www.crystal-lagoons.com\/es\/wp-json\/wp\/v2\/posts\/11150\/revisions"}],"wp:featuredmedia":[{"embeddable":true,"href":"https:\/\/www.crystal-lagoons.com\/es\/wp-json\/wp\/v2\/media\/10914"}],"wp:attachment":[{"href":"https:\/\/www.crystal-lagoons.com\/es\/wp-json\/wp\/v2\/media?parent=11150"}],"wp:term":[{"taxonomy":"category","embeddable":true,"href":"https:\/\/www.crystal-lagoons.com\/es\/wp-json\/wp\/v2\/categories?post=11150"},{"taxonomy":"post_tag","embeddable":true,"href":"https:\/\/www.crystal-lagoons.com\/es\/wp-json\/wp\/v2\/tags?post=11150"}],"curies":[{"name":"wp","href":"https:\/\/api.w.org\/{rel}","templated":true}]}}