{"id":17451,"date":"2024-03-08T16:43:09","date_gmt":"2024-03-08T19:43:09","guid":{"rendered":"https:\/\/www.crystal-lagoons.com\/?p=17451"},"modified":"2024-05-08T16:47:19","modified_gmt":"2024-05-08T20:47:19","slug":"avanza-primera-laguna-cristalina-de-centroamerica","status":"publish","type":"post","link":"https:\/\/www.crystal-lagoons.com\/es\/avanza-primera-laguna-cristalina-de-centroamerica\/","title":{"rendered":"Avanza Primera Laguna Cristalina de Centroam\u00e9rica"},"content":{"rendered":"\n<p>Con sus 1.300 kil\u00f3metros de costa y m\u00e1s de 600 playas,<strong> Costa Rica<\/strong> es un destino tur\u00edstico sostenible reconocido mundialmente. En este ic\u00f3nico lugar, avanza la <a href=\"https:\/\/www.crystal-lagoons.com\/es\/public-access-lagoons\/\">primera laguna cristalina de Centroam\u00e9rica<\/a> con <a href=\"https:\/\/www.crystal-lagoons.com\/es\/our-green-world\/\">tecnolog\u00eda sustentable Crystal Lagoons\u00ae.<\/a> Con <strong>2.5 hect\u00e1reas de aguas turquesas<\/strong> aptas para el <strong>ba\u00f1o y deportes n\u00e1uticos<\/strong>, rodeada de playas de arenas blancas, este monumental cuerpo de agua es el elemento central del megaproyecto <a href=\"https:\/\/nya.cr\/es\/\">NYA<\/a>.<\/p>\n\n\n\n<p>Desarrollada bajo el modelo <a href=\"https:\/\/www.crystal-lagoons.com\/es\/public-access-lagoons\/\">Public Access Lagoons\u00ae<\/a>, tambi\u00e9n conocidos como <a href=\"https:\/\/www.crystal-lagoons.com\/es\/public-access-lagoons\/\">desarrollos PAL\u00ae,<\/a> fue destacada en un reciente art\u00edculo de la <a href=\"https:\/\/revistasumma.com\/nya-la-nueva-ciudad-sostenible-de-uso-mixto-continua-su-construccion-en-liberia-guanacaste\/\">Revista Summa<\/a> por su impacto social e impulso al desarrollo tur\u00edstico de la zona y crecimiento econ\u00f3mico del pa\u00eds. John Scheman, presidente y fundador de Nya, expres\u00f3: \u00abNos llena de gran satisfacci\u00f3n y orgullo traer la innovadora <a href=\"https:\/\/www.crystal-lagoons.com\/es\/our-green-world\/\">tecnolog\u00eda de Crystal Lagoons\u00ae<\/a> a Costa Rica, marcando un antes y un despu\u00e9s en el <strong>desarrollo de espacios recreativos<\/strong> tanto para turistas como para residentes. Con esta <a href=\"https:\/\/www.crystal-lagoons.com\/es\/public-access-lagoons\/\">laguna cristalina<\/a>, no solo estamos <strong>redefiniendo el concepto de vida de playa<\/strong>, sino tambi\u00e9n brindando una experiencia \u00fanica en nuestro proyecto\u00bb.<\/p>\n\n\n\n<p><strong>Nya<\/strong> es un desarrollo dirigido a jubilados de Estados Unidos y costarricenses de alto patrimonio. Se encuentra ubicado en la regi\u00f3n de Guanacaste, ocupando 900 hect\u00e1reas, a tan solo 40 kil\u00f3metros de la costa del Pac\u00edfico y a cinco minutos del Aeropuerto Internacional Daniel Oduber. Crystal Lagoons llevar\u00e1 la vida id\u00edlica de playa a esta \u00e1rea interior de la provincia costarricense, contribuyendo a la revalorizaci\u00f3n de la zona. Se estima que el complejo de acceso p\u00fablico atraer\u00e1 a m\u00e1s de 1 mill\u00f3n de visitantes al a\u00f1o.<\/p>\n\n\n\n<p>Adem\u00e1s, este proyecto forma parte de varios desarrollos PAL\u00ae contemplados en un acuerdo de exclusividad con el conglomerado Blue Water Ventures para complejos en Costa Rica y Guatemala.<\/p>\n\n\n\n<p>Los <a href=\"https:\/\/www.crystal-lagoons.com\/es\/public-access-lagoons\/\">desarrollos PAL\u00ae,<\/a> a los que cualquier persona puede acceder mediante un ticket, han establecido un <strong>nuevo est\u00e1ndar en espacios p\u00fablicos de reuni\u00f3n<\/strong> y se han posicionado como alternativas de gran impacto social. Transforman cualquier lugar en un <strong>centro de entretenimiento durante todo el a\u00f1o<\/strong>, con m\u00e1s de <strong>125 actividades <\/strong>que se pueden desarrollar <strong>en la propia laguna y en sus alrededores<\/strong>. Entre ellas se incluyen, deportes acu\u00e1ticos con y sin motor, parques inflables, ferias, matrimonios, conciertos, cine al aire libre, flowboarding, quadrofoil, cable parks, paddleboard yoga, toboganes acu\u00e1ticos, etc.<\/p>\n\n\n\n<p><a href=\"https:\/\/revistasumma.com\/nya-la-nueva-ciudad-sostenible-de-uso-mixto-continua-su-construccion-en-liberia-guanacaste\/\">Revista Summa<\/a><\/p>\n","protected":false},"excerpt":{"rendered":"<p>Con sus 1.300 kil\u00f3metros de costa y m\u00e1s de 600 playas, Costa Rica es un destino tur\u00edstico sostenible reconocido mundialmente. En este ic\u00f3nico lugar, avanza la primera laguna cristalina de Centroam\u00e9rica con tecnolog\u00eda sustentable Crystal Lagoons\u00ae. Con 2.5 hect\u00e1reas de aguas turquesas aptas para el ba\u00f1o y deportes n\u00e1uticos, rodeada de playas de arenas blancas, [&hellip;]<\/p>\n","protected":false},"author":6,"featured_media":17439,"comment_status":"open","ping_status":"open","sticky":false,"template":"","format":"standard","meta":{"_acf_changed":false,"footnotes":""},"categories":[35],"tags":[],"class_list":["post-17451","post","type-post","status-publish","format-standard","has-post-thumbnail","hentry","category-ultimas-noticias"],"acf":[],"yoast_head":"<!-- This site is optimized with the Yoast SEO plugin v27.5 - https:\/\/yoast.com\/product\/yoast-seo-wordpress\/ -->\n<title>Avanza Primera Laguna Cristalina de Centroam\u00e9rica<\/title>\n<meta name=\"description\" content=\"Es la primera laguna cristalina de Centroam\u00e9rica con tecnolog\u00eda Crystal Lagoons\u00ae, y primer proyecto PAL\u2122 en Costa Rica\" \/>\n<meta name=\"robots\" content=\"index, follow, max-snippet:-1, max-image-preview:large, max-video-preview:-1\" \/>\n<link rel=\"canonical\" href=\"https:\/\/www.crystal-lagoons.com\/es\/avanza-primera-laguna-cristalina-de-centroamerica\/\" \/>\n<meta property=\"og:locale\" content=\"es_ES\" \/>\n<meta property=\"og:type\" content=\"article\" \/>\n<meta property=\"og:title\" content=\"Avanza Primera Laguna Cristalina de Centroam\u00e9rica\" \/>\n<meta property=\"og:description\" content=\"Es la primera laguna cristalina de Centroam\u00e9rica con tecnolog\u00eda Crystal Lagoons\u00ae, y primer proyecto PAL\u2122 en Costa Rica\" \/>\n<meta property=\"og:url\" content=\"https:\/\/www.crystal-lagoons.com\/es\/avanza-primera-laguna-cristalina-de-centroamerica\/\" \/>\n<meta property=\"og:site_name\" content=\"Crystal Lagoons\" \/>\n<meta property=\"article:published_time\" content=\"2024-03-08T19:43:09+00:00\" \/>\n<meta property=\"article:modified_time\" content=\"2024-05-08T20:47:19+00:00\" \/>\n<meta property=\"og:image\" content=\"https:\/\/www.crystal-lagoons.com\/wp-content\/uploads\/2024\/03\/GettyImages-184888530_CRNEW-1.jpg\" \/>\n\t<meta property=\"og:image:width\" content=\"1920\" \/>\n\t<meta property=\"og:image:height\" content=\"1080\" \/>\n\t<meta property=\"og:image:type\" content=\"image\/jpeg\" \/>\n<meta name=\"author\" content=\"Javiera\" \/>\n<meta name=\"twitter:card\" content=\"summary_large_image\" \/>\n<meta name=\"twitter:label1\" content=\"Escrito por\" \/>\n\t<meta name=\"twitter:data1\" content=\"Javiera\" \/>\n\t<meta name=\"twitter:label2\" content=\"Tiempo de lectura\" \/>\n\t<meta name=\"twitter:data2\" content=\"2 minutos\" \/>\n<script type=\"application\/ld+json\" class=\"yoast-schema-graph\">{\"@context\":\"https:\\\/\\\/schema.org\",\"@graph\":[{\"@type\":\"Article\",\"@id\":\"https:\\\/\\\/www.crystal-lagoons.com\\\/es\\\/avanza-primera-laguna-cristalina-de-centroamerica\\\/#article\",\"isPartOf\":{\"@id\":\"https:\\\/\\\/www.crystal-lagoons.com\\\/es\\\/avanza-primera-laguna-cristalina-de-centroamerica\\\/\"},\"author\":{\"name\":\"Javiera\",\"@id\":\"https:\\\/\\\/www.crystal-lagoons.com\\\/#\\\/schema\\\/person\\\/d73dfc7f35d5af32221c635ff0069fd9\"},\"headline\":\"Avanza Primera Laguna Cristalina de Centroam\u00e9rica\",\"datePublished\":\"2024-03-08T19:43:09+00:00\",\"dateModified\":\"2024-05-08T20:47:19+00:00\",\"mainEntityOfPage\":{\"@id\":\"https:\\\/\\\/www.crystal-lagoons.com\\\/es\\\/avanza-primera-laguna-cristalina-de-centroamerica\\\/\"},\"wordCount\":414,\"commentCount\":0,\"publisher\":{\"@id\":\"https:\\\/\\\/www.crystal-lagoons.com\\\/#organization\"},\"image\":{\"@id\":\"https:\\\/\\\/www.crystal-lagoons.com\\\/es\\\/avanza-primera-laguna-cristalina-de-centroamerica\\\/#primaryimage\"},\"thumbnailUrl\":\"https:\\\/\\\/www.crystal-lagoons.com\\\/wp-content\\\/uploads\\\/2024\\\/03\\\/GettyImages-184888530_CRNEW-1.jpg\",\"articleSection\":[\"\u00daltimas Noticias\"],\"inLanguage\":\"es\"},{\"@type\":\"WebPage\",\"@id\":\"https:\\\/\\\/www.crystal-lagoons.com\\\/es\\\/avanza-primera-laguna-cristalina-de-centroamerica\\\/\",\"url\":\"https:\\\/\\\/www.crystal-lagoons.com\\\/es\\\/avanza-primera-laguna-cristalina-de-centroamerica\\\/\",\"name\":\"Avanza Primera Laguna Cristalina de Centroam\u00e9rica\",\"isPartOf\":{\"@id\":\"https:\\\/\\\/www.crystal-lagoons.com\\\/#website\"},\"primaryImageOfPage\":{\"@id\":\"https:\\\/\\\/www.crystal-lagoons.com\\\/es\\\/avanza-primera-laguna-cristalina-de-centroamerica\\\/#primaryimage\"},\"image\":{\"@id\":\"https:\\\/\\\/www.crystal-lagoons.com\\\/es\\\/avanza-primera-laguna-cristalina-de-centroamerica\\\/#primaryimage\"},\"thumbnailUrl\":\"https:\\\/\\\/www.crystal-lagoons.com\\\/wp-content\\\/uploads\\\/2024\\\/03\\\/GettyImages-184888530_CRNEW-1.jpg\",\"datePublished\":\"2024-03-08T19:43:09+00:00\",\"dateModified\":\"2024-05-08T20:47:19+00:00\",\"description\":\"Es la primera laguna cristalina de Centroam\u00e9rica con tecnolog\u00eda Crystal Lagoons\u00ae, y primer proyecto PAL\u2122 en Costa Rica\",\"breadcrumb\":{\"@id\":\"https:\\\/\\\/www.crystal-lagoons.com\\\/es\\\/avanza-primera-laguna-cristalina-de-centroamerica\\\/#breadcrumb\"},\"inLanguage\":\"es\",\"potentialAction\":[{\"@type\":\"ReadAction\",\"target\":[\"https:\\\/\\\/www.crystal-lagoons.com\\\/es\\\/avanza-primera-laguna-cristalina-de-centroamerica\\\/\"]}]},{\"@type\":\"ImageObject\",\"inLanguage\":\"es\",\"@id\":\"https:\\\/\\\/www.crystal-lagoons.com\\\/es\\\/avanza-primera-laguna-cristalina-de-centroamerica\\\/#primaryimage\",\"url\":\"https:\\\/\\\/www.crystal-lagoons.com\\\/wp-content\\\/uploads\\\/2024\\\/03\\\/GettyImages-184888530_CRNEW-1.jpg\",\"contentUrl\":\"https:\\\/\\\/www.crystal-lagoons.com\\\/wp-content\\\/uploads\\\/2024\\\/03\\\/GettyImages-184888530_CRNEW-1.jpg\",\"width\":1920,\"height\":1080},{\"@type\":\"BreadcrumbList\",\"@id\":\"https:\\\/\\\/www.crystal-lagoons.com\\\/es\\\/avanza-primera-laguna-cristalina-de-centroamerica\\\/#breadcrumb\",\"itemListElement\":[{\"@type\":\"ListItem\",\"position\":1,\"name\":\"Portada\",\"item\":\"https:\\\/\\\/www.crystal-lagoons.com\\\/\"},{\"@type\":\"ListItem\",\"position\":2,\"name\":\"Avanza Primera Laguna Cristalina de Centroam\u00e9rica\"}]},{\"@type\":\"WebSite\",\"@id\":\"https:\\\/\\\/www.crystal-lagoons.com\\\/#website\",\"url\":\"https:\\\/\\\/www.crystal-lagoons.com\\\/\",\"name\":\"Crystal Lagoons\",\"description\":\"\",\"publisher\":{\"@id\":\"https:\\\/\\\/www.crystal-lagoons.com\\\/#organization\"},\"potentialAction\":[{\"@type\":\"SearchAction\",\"target\":{\"@type\":\"EntryPoint\",\"urlTemplate\":\"https:\\\/\\\/www.crystal-lagoons.com\\\/?s={search_term_string}\"},\"query-input\":{\"@type\":\"PropertyValueSpecification\",\"valueRequired\":true,\"valueName\":\"search_term_string\"}}],\"inLanguage\":\"es\"},{\"@type\":\"Organization\",\"@id\":\"https:\\\/\\\/www.crystal-lagoons.com\\\/#organization\",\"name\":\"Crystal Lagoons\",\"url\":\"https:\\\/\\\/www.crystal-lagoons.com\\\/\",\"logo\":{\"@type\":\"ImageObject\",\"inLanguage\":\"es\",\"@id\":\"https:\\\/\\\/www.crystal-lagoons.com\\\/#\\\/schema\\\/logo\\\/image\\\/\",\"url\":\"https:\\\/\\\/www.crystal-lagoons.com\\\/wp-content\\\/uploads\\\/2023\\\/12\\\/logo_cl-1.png\",\"contentUrl\":\"https:\\\/\\\/www.crystal-lagoons.com\\\/wp-content\\\/uploads\\\/2023\\\/12\\\/logo_cl-1.png\",\"width\":687,\"height\":136,\"caption\":\"Crystal Lagoons\"},\"image\":{\"@id\":\"https:\\\/\\\/www.crystal-lagoons.com\\\/#\\\/schema\\\/logo\\\/image\\\/\"}},{\"@type\":\"Person\",\"@id\":\"https:\\\/\\\/www.crystal-lagoons.com\\\/#\\\/schema\\\/person\\\/d73dfc7f35d5af32221c635ff0069fd9\",\"name\":\"Javiera\",\"image\":{\"@type\":\"ImageObject\",\"inLanguage\":\"es\",\"@id\":\"https:\\\/\\\/secure.gravatar.com\\\/avatar\\\/48919c51f55ea70926a74c687807542bde6fbd6521bcccb4096c4c476e2f55a0?s=96&d=mm&r=g\",\"url\":\"https:\\\/\\\/secure.gravatar.com\\\/avatar\\\/48919c51f55ea70926a74c687807542bde6fbd6521bcccb4096c4c476e2f55a0?s=96&d=mm&r=g\",\"contentUrl\":\"https:\\\/\\\/secure.gravatar.com\\\/avatar\\\/48919c51f55ea70926a74c687807542bde6fbd6521bcccb4096c4c476e2f55a0?s=96&d=mm&r=g\",\"caption\":\"Javiera\"},\"url\":\"https:\\\/\\\/www.crystal-lagoons.com\\\/es\\\/author\\\/javiera\\\/\"}]}<\/script>\n<!-- \/ Yoast SEO plugin. -->","yoast_head_json":{"title":"Avanza Primera Laguna Cristalina de Centroam\u00e9rica","description":"Es la primera laguna cristalina de Centroam\u00e9rica con tecnolog\u00eda Crystal Lagoons\u00ae, y primer proyecto PAL\u2122 en Costa Rica","robots":{"index":"index","follow":"follow","max-snippet":"max-snippet:-1","max-image-preview":"max-image-preview:large","max-video-preview":"max-video-preview:-1"},"canonical":"https:\/\/www.crystal-lagoons.com\/es\/avanza-primera-laguna-cristalina-de-centroamerica\/","og_locale":"es_ES","og_type":"article","og_title":"Avanza Primera Laguna Cristalina de Centroam\u00e9rica","og_description":"Es la primera laguna cristalina de Centroam\u00e9rica con tecnolog\u00eda Crystal Lagoons\u00ae, y primer proyecto PAL\u2122 en Costa Rica","og_url":"https:\/\/www.crystal-lagoons.com\/es\/avanza-primera-laguna-cristalina-de-centroamerica\/","og_site_name":"Crystal Lagoons","article_published_time":"2024-03-08T19:43:09+00:00","article_modified_time":"2024-05-08T20:47:19+00:00","og_image":[{"width":1920,"height":1080,"url":"https:\/\/www.crystal-lagoons.com\/wp-content\/uploads\/2024\/03\/GettyImages-184888530_CRNEW-1.jpg","type":"image\/jpeg"}],"author":"Javiera","twitter_card":"summary_large_image","twitter_misc":{"Escrito por":"Javiera","Tiempo de lectura":"2 minutos"},"schema":{"@context":"https:\/\/schema.org","@graph":[{"@type":"Article","@id":"https:\/\/www.crystal-lagoons.com\/es\/avanza-primera-laguna-cristalina-de-centroamerica\/#article","isPartOf":{"@id":"https:\/\/www.crystal-lagoons.com\/es\/avanza-primera-laguna-cristalina-de-centroamerica\/"},"author":{"name":"Javiera","@id":"https:\/\/www.crystal-lagoons.com\/#\/schema\/person\/d73dfc7f35d5af32221c635ff0069fd9"},"headline":"Avanza Primera Laguna Cristalina de Centroam\u00e9rica","datePublished":"2024-03-08T19:43:09+00:00","dateModified":"2024-05-08T20:47:19+00:00","mainEntityOfPage":{"@id":"https:\/\/www.crystal-lagoons.com\/es\/avanza-primera-laguna-cristalina-de-centroamerica\/"},"wordCount":414,"commentCount":0,"publisher":{"@id":"https:\/\/www.crystal-lagoons.com\/#organization"},"image":{"@id":"https:\/\/www.crystal-lagoons.com\/es\/avanza-primera-laguna-cristalina-de-centroamerica\/#primaryimage"},"thumbnailUrl":"https:\/\/www.crystal-lagoons.com\/wp-content\/uploads\/2024\/03\/GettyImages-184888530_CRNEW-1.jpg","articleSection":["\u00daltimas Noticias"],"inLanguage":"es"},{"@type":"WebPage","@id":"https:\/\/www.crystal-lagoons.com\/es\/avanza-primera-laguna-cristalina-de-centroamerica\/","url":"https:\/\/www.crystal-lagoons.com\/es\/avanza-primera-laguna-cristalina-de-centroamerica\/","name":"Avanza Primera Laguna Cristalina de Centroam\u00e9rica","isPartOf":{"@id":"https:\/\/www.crystal-lagoons.com\/#website"},"primaryImageOfPage":{"@id":"https:\/\/www.crystal-lagoons.com\/es\/avanza-primera-laguna-cristalina-de-centroamerica\/#primaryimage"},"image":{"@id":"https:\/\/www.crystal-lagoons.com\/es\/avanza-primera-laguna-cristalina-de-centroamerica\/#primaryimage"},"thumbnailUrl":"https:\/\/www.crystal-lagoons.com\/wp-content\/uploads\/2024\/03\/GettyImages-184888530_CRNEW-1.jpg","datePublished":"2024-03-08T19:43:09+00:00","dateModified":"2024-05-08T20:47:19+00:00","description":"Es la primera laguna cristalina de Centroam\u00e9rica con tecnolog\u00eda Crystal Lagoons\u00ae, y primer proyecto PAL\u2122 en Costa Rica","breadcrumb":{"@id":"https:\/\/www.crystal-lagoons.com\/es\/avanza-primera-laguna-cristalina-de-centroamerica\/#breadcrumb"},"inLanguage":"es","potentialAction":[{"@type":"ReadAction","target":["https:\/\/www.crystal-lagoons.com\/es\/avanza-primera-laguna-cristalina-de-centroamerica\/"]}]},{"@type":"ImageObject","inLanguage":"es","@id":"https:\/\/www.crystal-lagoons.com\/es\/avanza-primera-laguna-cristalina-de-centroamerica\/#primaryimage","url":"https:\/\/www.crystal-lagoons.com\/wp-content\/uploads\/2024\/03\/GettyImages-184888530_CRNEW-1.jpg","contentUrl":"https:\/\/www.crystal-lagoons.com\/wp-content\/uploads\/2024\/03\/GettyImages-184888530_CRNEW-1.jpg","width":1920,"height":1080},{"@type":"BreadcrumbList","@id":"https:\/\/www.crystal-lagoons.com\/es\/avanza-primera-laguna-cristalina-de-centroamerica\/#breadcrumb","itemListElement":[{"@type":"ListItem","position":1,"name":"Portada","item":"https:\/\/www.crystal-lagoons.com\/"},{"@type":"ListItem","position":2,"name":"Avanza Primera Laguna Cristalina de Centroam\u00e9rica"}]},{"@type":"WebSite","@id":"https:\/\/www.crystal-lagoons.com\/#website","url":"https:\/\/www.crystal-lagoons.com\/","name":"Crystal Lagoons","description":"","publisher":{"@id":"https:\/\/www.crystal-lagoons.com\/#organization"},"potentialAction":[{"@type":"SearchAction","target":{"@type":"EntryPoint","urlTemplate":"https:\/\/www.crystal-lagoons.com\/?s={search_term_string}"},"query-input":{"@type":"PropertyValueSpecification","valueRequired":true,"valueName":"search_term_string"}}],"inLanguage":"es"},{"@type":"Organization","@id":"https:\/\/www.crystal-lagoons.com\/#organization","name":"Crystal Lagoons","url":"https:\/\/www.crystal-lagoons.com\/","logo":{"@type":"ImageObject","inLanguage":"es","@id":"https:\/\/www.crystal-lagoons.com\/#\/schema\/logo\/image\/","url":"https:\/\/www.crystal-lagoons.com\/wp-content\/uploads\/2023\/12\/logo_cl-1.png","contentUrl":"https:\/\/www.crystal-lagoons.com\/wp-content\/uploads\/2023\/12\/logo_cl-1.png","width":687,"height":136,"caption":"Crystal Lagoons"},"image":{"@id":"https:\/\/www.crystal-lagoons.com\/#\/schema\/logo\/image\/"}},{"@type":"Person","@id":"https:\/\/www.crystal-lagoons.com\/#\/schema\/person\/d73dfc7f35d5af32221c635ff0069fd9","name":"Javiera","image":{"@type":"ImageObject","inLanguage":"es","@id":"https:\/\/secure.gravatar.com\/avatar\/48919c51f55ea70926a74c687807542bde6fbd6521bcccb4096c4c476e2f55a0?s=96&d=mm&r=g","url":"https:\/\/secure.gravatar.com\/avatar\/48919c51f55ea70926a74c687807542bde6fbd6521bcccb4096c4c476e2f55a0?s=96&d=mm&r=g","contentUrl":"https:\/\/secure.gravatar.com\/avatar\/48919c51f55ea70926a74c687807542bde6fbd6521bcccb4096c4c476e2f55a0?s=96&d=mm&r=g","caption":"Javiera"},"url":"https:\/\/www.crystal-lagoons.com\/es\/author\/javiera\/"}]}},"_links":{"self":[{"href":"https:\/\/www.crystal-lagoons.com\/es\/wp-json\/wp\/v2\/posts\/17451","targetHints":{"allow":["GET"]}}],"collection":[{"href":"https:\/\/www.crystal-lagoons.com\/es\/wp-json\/wp\/v2\/posts"}],"about":[{"href":"https:\/\/www.crystal-lagoons.com\/es\/wp-json\/wp\/v2\/types\/post"}],"author":[{"embeddable":true,"href":"https:\/\/www.crystal-lagoons.com\/es\/wp-json\/wp\/v2\/users\/6"}],"replies":[{"embeddable":true,"href":"https:\/\/www.crystal-lagoons.com\/es\/wp-json\/wp\/v2\/comments?post=17451"}],"version-history":[{"count":0,"href":"https:\/\/www.crystal-lagoons.com\/es\/wp-json\/wp\/v2\/posts\/17451\/revisions"}],"wp:featuredmedia":[{"embeddable":true,"href":"https:\/\/www.crystal-lagoons.com\/es\/wp-json\/wp\/v2\/media\/17439"}],"wp:attachment":[{"href":"https:\/\/www.crystal-lagoons.com\/es\/wp-json\/wp\/v2\/media?parent=17451"}],"wp:term":[{"taxonomy":"category","embeddable":true,"href":"https:\/\/www.crystal-lagoons.com\/es\/wp-json\/wp\/v2\/categories?post=17451"},{"taxonomy":"post_tag","embeddable":true,"href":"https:\/\/www.crystal-lagoons.com\/es\/wp-json\/wp\/v2\/tags?post=17451"}],"curies":[{"name":"wp","href":"https:\/\/api.w.org\/{rel}","templated":true}]}}