{"id":28598,"date":"2025-09-03T09:28:37","date_gmt":"2025-09-03T13:28:37","guid":{"rendered":"https:\/\/www.crystal-lagoons.com\/?p=28598"},"modified":"2026-02-18T16:39:33","modified_gmt":"2026-02-18T19:39:33","slug":"crystal-lagoons-ingresa-a-el-salvador-con-seis-proyectos-inmobiliarios-y-pal","status":"publish","type":"post","link":"https:\/\/www.crystal-lagoons.com\/es\/crystal-lagoons-ingresa-a-el-salvador-con-seis-proyectos-inmobiliarios-y-pal\/","title":{"rendered":"Crystal Lagoons Ingresa a El Salvador con Seis Proyectos  Inmobiliarios y PAL\u00ae"},"content":{"rendered":"\t\t<div data-elementor-type=\"wp-post\" data-elementor-id=\"28598\" class=\"elementor elementor-28598 elementor-28592\" data-elementor-post-type=\"post\">\n\t\t\t\t<div data-particle_enable=\"false\" data-particle-mobile-disabled=\"false\" class=\"elementor-element elementor-element-fb03a92 e-ecs-flex e-flex e-con-boxed e-con e-parent\" data-id=\"fb03a92\" data-element_type=\"container\" data-e-type=\"container\" data-settings=\"{&quot;ecs_container_type&quot;:&quot;flex&quot;}\">\n\t\t\t\t\t<div class=\"e-con-inner\">\n\t\t\t\t<div class=\"elementor-element elementor-element-8790033 elementor-widget elementor-widget-text-editor\" data-id=\"8790033\" data-element_type=\"widget\" data-e-type=\"widget\" data-widget_type=\"text-editor.default\">\n\t\t\t\t<div class=\"elementor-widget-container\">\n\t\t\t\t\t\t\t\t\t<p><span style=\"font-weight: 400;\">El primero de los complejos super\u00f3 todas las expectativas comerciales y obtuvo un rotundo \u00e9xito, pues la proyecci\u00f3n de venta para seis meses, se cumpli\u00f3 en 10 d\u00edas.<\/span><\/p>\t\t\t\t\t\t\t\t<\/div>\n\t\t\t\t<\/div>\n\t\t\t\t\t<\/div>\n\t\t\t\t<\/div>\n\t\t<div data-particle_enable=\"false\" data-particle-mobile-disabled=\"false\" class=\"elementor-element elementor-element-7ba800b e-ecs-flex e-flex e-con-boxed e-con e-parent\" data-id=\"7ba800b\" data-element_type=\"container\" data-e-type=\"container\" data-settings=\"{&quot;ecs_container_type&quot;:&quot;flex&quot;}\">\n\t\t\t\t\t<div class=\"e-con-inner\">\n\t\t\t\t<div class=\"elementor-element elementor-element-832612f elementor-widget elementor-widget-text-editor\" data-id=\"832612f\" data-element_type=\"widget\" data-e-type=\"widget\" data-widget_type=\"text-editor.default\">\n\t\t\t\t<div class=\"elementor-widget-container\">\n\t\t\t\t\t\t\t\t\t<p><span style=\"font-weight: 400;\">Continuamos <\/span><b>expandi\u00e9ndonos a nivel mundial<\/b><span style=\"font-weight: 400;\"> y acab\u00e1mos de concretar el <\/span><b>arribo a un nuevo mercado<\/b><span style=\"font-weight: 400;\">. Se trata de El Salvador, en donde firm\u00f3 un <\/span><b>acuerdo para desarrollar seis proyectos<\/b> <a href=\"https:\/\/www.crystal-lagoons.com\/es\/public-access-lagoons\/\"><b>Public Access Lagoons\u00ae<\/b><\/a><span style=\"font-weight: 400;\">, tambi\u00e9n denominados PAL\u00ae, <\/span><b>e inmobiliarios<\/b><span style=\"font-weight: 400;\">, que estar\u00e1n ubicados en diferentes ciudades del pa\u00eds.<\/span><\/p>\t\t\t\t\t\t\t\t<\/div>\n\t\t\t\t<\/div>\n\t\t\t\t\t<\/div>\n\t\t\t\t<\/div>\n\t\t<div data-particle_enable=\"false\" data-particle-mobile-disabled=\"false\" class=\"elementor-element elementor-element-583ed5e e-ecs-flex e-flex e-con-boxed e-con e-parent\" data-id=\"583ed5e\" data-element_type=\"container\" data-e-type=\"container\" data-settings=\"{&quot;ecs_container_type&quot;:&quot;flex&quot;}\">\n\t\t\t\t\t<div class=\"e-con-inner\">\n\t\t\t\t<div class=\"elementor-element elementor-element-637020b elementor-widget elementor-widget-heading\" data-id=\"637020b\" data-element_type=\"widget\" data-e-type=\"widget\" data-widget_type=\"heading.default\">\n\t\t\t\t<div class=\"elementor-widget-container\">\n\t\t\t\t\t<h2 class=\"elementor-heading-title elementor-size-default\">Desarrollador destacado<\/h2>\t\t\t\t<\/div>\n\t\t\t\t<\/div>\n\t\t\t\t\t<\/div>\n\t\t\t\t<\/div>\n\t\t<div data-particle_enable=\"false\" data-particle-mobile-disabled=\"false\" class=\"elementor-element elementor-element-960fe9b e-ecs-flex e-flex e-con-boxed e-con e-parent\" data-id=\"960fe9b\" data-element_type=\"container\" data-e-type=\"container\" data-settings=\"{&quot;ecs_container_type&quot;:&quot;flex&quot;}\">\n\t\t\t\t\t<div class=\"e-con-inner\">\n\t\t\t\t<div class=\"elementor-element elementor-element-716b6d3 elementor-widget elementor-widget-text-editor\" data-id=\"716b6d3\" data-element_type=\"widget\" data-e-type=\"widget\" data-widget_type=\"text-editor.default\">\n\t\t\t\t<div class=\"elementor-widget-container\">\n\t\t\t\t\t\t\t\t\t<p><span style=\"font-weight: 400;\">El <\/span><b>master agreement<\/b><span style=\"font-weight: 400;\"> -acuerdo para desarrollar una cantidad numerosa de proyectos con exclusividad en una zona determinada- es en <\/span><b>asociaci\u00f3n con<\/b> <a href=\"https:\/\/urbania.net\/\"><b>Urbania<\/b><\/a><span style=\"font-weight: 400;\">:\u00a0<\/span><\/p><ul><li style=\"font-weight: 400;\" aria-level=\"1\"><span style=\"font-weight: 400;\">Uno de los <\/span><b>principales desarrolladores <\/b><span style=\"font-weight: 400;\">en Costa Rica<\/span><\/li><li style=\"font-weight: 400;\" aria-level=\"1\"><span style=\"font-weight: 400;\">Reconocido por su <\/span><b>liderazgo en sostenibilidad y dise\u00f1o innovador<\/b><\/li><li style=\"font-weight: 400;\" aria-level=\"1\"><span style=\"font-weight: 400;\">Con este complejo se expande a El Salvador<\/span><\/li><li style=\"font-weight: 400;\" aria-level=\"1\"><b>Crystal Lagoons ya ten\u00eda un contrato previo<\/b><span style=\"font-weight: 400;\"> para desarrollar otras seis lagunas a lo largo de Costa Rica.<\/span><\/li><\/ul>\t\t\t\t\t\t\t\t<\/div>\n\t\t\t\t<\/div>\n\t\t\t\t\t<\/div>\n\t\t\t\t<\/div>\n\t\t<div data-particle_enable=\"false\" data-particle-mobile-disabled=\"false\" class=\"elementor-element elementor-element-2b5a273 e-ecs-flex e-flex e-con-boxed e-con e-parent\" data-id=\"2b5a273\" data-element_type=\"container\" data-e-type=\"container\" data-settings=\"{&quot;ecs_container_type&quot;:&quot;flex&quot;}\">\n\t\t\t\t\t<div class=\"e-con-inner\">\n\t\t\t\t<div class=\"elementor-element elementor-element-20ca476 elementor-widget elementor-widget-heading\" data-id=\"20ca476\" data-element_type=\"widget\" data-e-type=\"widget\" data-widget_type=\"heading.default\">\n\t\t\t\t<div class=\"elementor-widget-container\">\n\t\t\t\t\t<h2 class=\"elementor-heading-title elementor-size-default\">Primer proyecto: \u00e9xito comercial<\/h2>\t\t\t\t<\/div>\n\t\t\t\t<\/div>\n\t\t\t\t\t<\/div>\n\t\t\t\t<\/div>\n\t\t<div data-particle_enable=\"false\" data-particle-mobile-disabled=\"false\" class=\"elementor-element elementor-element-72a5c7d e-ecs-flex e-flex e-con-boxed e-con e-parent\" data-id=\"72a5c7d\" data-element_type=\"container\" data-e-type=\"container\" data-settings=\"{&quot;ecs_container_type&quot;:&quot;flex&quot;}\">\n\t\t\t\t\t<div class=\"e-con-inner\">\n\t\t\t\t<div class=\"elementor-element elementor-element-078a0e0 elementor-widget elementor-widget-text-editor\" data-id=\"078a0e0\" data-element_type=\"widget\" data-e-type=\"widget\" data-widget_type=\"text-editor.default\">\n\t\t\t\t<div class=\"elementor-widget-container\">\n\t\t\t\t\t\t\t\t\t<p><span style=\"font-weight: 400;\">El primero de los complejos, denominado <\/span><a href=\"https:\/\/urbania.net\/amanelli\/\"><b>Amanelli<\/b><\/a><span style=\"font-weight: 400;\">, <\/span><b>super\u00f3 todas las expectativas comerciales y obtuvo un rotundo \u00e9xito<\/b><span style=\"font-weight: 400;\">, pues la proyecci\u00f3n de venta para seis meses, se cumpli\u00f3 en 10 d\u00edas. El proyecto estar\u00e1 a <\/span><b>orillas del Lago de Coatepeque<\/b><span style=\"font-weight: 400;\">, un lago de origen volc\u00e1nico, considerado uno de los <\/span><b>destinos naturales m\u00e1s ic\u00f3nicos de El Salvador<\/b><span style=\"font-weight: 400;\"> que, incluso, fue nominado para ser una de las 7 maravillas del mundo.\u00a0<\/span><\/p>\t\t\t\t\t\t\t\t<\/div>\n\t\t\t\t<\/div>\n\t\t\t\t\t<\/div>\n\t\t\t\t<\/div>\n\t\t<div data-particle_enable=\"false\" data-particle-mobile-disabled=\"false\" class=\"elementor-element elementor-element-8543481 e-ecs-flex e-flex e-con-boxed e-con e-parent\" data-id=\"8543481\" data-element_type=\"container\" data-e-type=\"container\" data-settings=\"{&quot;ecs_container_type&quot;:&quot;flex&quot;}\">\n\t\t\t\t\t<div class=\"e-con-inner\">\n\t\t\t\t<div class=\"elementor-element elementor-element-9f90e16 elementor-widget elementor-widget-heading\" data-id=\"9f90e16\" data-element_type=\"widget\" data-e-type=\"widget\" data-widget_type=\"heading.default\">\n\t\t\t\t<div class=\"elementor-widget-container\">\n\t\t\t\t\t<h2 class=\"elementor-heading-title elementor-size-default\">Laguna, playa y m\u00e1s\n<\/h2>\t\t\t\t<\/div>\n\t\t\t\t<\/div>\n\t\t\t\t\t<\/div>\n\t\t\t\t<\/div>\n\t\t<div data-particle_enable=\"false\" data-particle-mobile-disabled=\"false\" class=\"elementor-element elementor-element-9e39f61 e-ecs-flex e-flex e-con-boxed e-con e-parent\" data-id=\"9e39f61\" data-element_type=\"container\" data-e-type=\"container\" data-settings=\"{&quot;ecs_container_type&quot;:&quot;flex&quot;}\">\n\t\t\t\t\t<div class=\"e-con-inner\">\n\t\t\t\t<div class=\"elementor-element elementor-element-3bdc96a elementor-widget elementor-widget-text-editor\" data-id=\"3bdc96a\" data-element_type=\"widget\" data-e-type=\"widget\" data-widget_type=\"text-editor.default\">\n\t\t\t\t<div class=\"elementor-widget-container\">\n\t\t\t\t\t\t\t\t\t<p><span style=\"font-weight: 400;\">Se trata de un proyecto de:<\/span><\/p><ul><li style=\"font-weight: 400;\" aria-level=\"1\"><span style=\"font-weight: 400;\">M\u00e1s de 50 hect\u00e1reas\u00a0<\/span><\/li><li style=\"font-weight: 400;\" aria-level=\"1\"><span style=\"font-weight: 400;\">Su elemento central ser\u00e1 una <\/span><b>laguna de m\u00e1s de 2 hect\u00e1reas con <\/b><a href=\"https:\/\/www.crystal-lagoons.com\/es\/concepto-tecnologia\/\"><b>tecnolog\u00eda de Crystal Lagoons<\/b><\/a><span style=\"font-weight: 400;\"> apta para nado y deportes n\u00e1uticos<\/span><\/li><li style=\"font-weight: 400;\" aria-level=\"1\"><b>Playas de arena blanca recrear\u00e1n la vida id\u00edlica<\/b><\/li><li style=\"font-weight: 400;\" aria-level=\"1\"><span style=\"font-weight: 400;\">Alrededor de la laguna se establecer\u00e1n <\/span><b>centros gastron\u00f3micos, comercios y espacios de entretenimiento<\/b><span style=\"font-weight: 400;\">.\u00a0<\/span><\/li><li style=\"font-weight: 400;\" aria-level=\"1\"><span style=\"font-weight: 400;\">Asimismo, podr\u00edan sumarse usos adicionales como sal\u00f3n de eventos, matrimonios y conciertos.<\/span><\/li><\/ul><p><span style=\"font-weight: 400;\">Amanelli est\u00e1 valorado en m\u00e1s de <\/span><b>US$ 800 millones, una las inversiones privadas en vivienda m\u00e1s ambiciosas<\/b><span style=\"font-weight: 400;\"> en la historia reciente de El Salvador y que <\/span><b>impulsar\u00e1 el desarrollo econ\u00f3mico y tur\u00edstico<\/b><span style=\"font-weight: 400;\"> de la zona occidental del pa\u00eds.<\/span><\/p>\t\t\t\t\t\t\t\t<\/div>\n\t\t\t\t<\/div>\n\t\t\t\t\t<\/div>\n\t\t\t\t<\/div>\n\t\t<div data-particle_enable=\"false\" data-particle-mobile-disabled=\"false\" class=\"elementor-element elementor-element-7f4e2de e-ecs-flex e-flex e-con-boxed e-con e-parent\" data-id=\"7f4e2de\" data-element_type=\"container\" data-e-type=\"container\" data-settings=\"{&quot;ecs_container_type&quot;:&quot;flex&quot;}\">\n\t\t\t\t\t<div class=\"e-con-inner\">\n\t\t\t\t<div class=\"elementor-element elementor-element-7748417 elementor-widget elementor-widget-heading\" data-id=\"7748417\" data-element_type=\"widget\" data-e-type=\"widget\" data-widget_type=\"heading.default\">\n\t\t\t\t<div class=\"elementor-widget-container\">\n\t\t\t\t\t<h2 class=\"elementor-heading-title elementor-size-default\">En sinton\u00eda con la naturaleza\n<\/h2>\t\t\t\t<\/div>\n\t\t\t\t<\/div>\n\t\t\t\t\t<\/div>\n\t\t\t\t<\/div>\n\t\t<div data-particle_enable=\"false\" data-particle-mobile-disabled=\"false\" class=\"elementor-element elementor-element-abcdc7f e-ecs-flex e-flex e-con-boxed e-con e-parent\" data-id=\"abcdc7f\" data-element_type=\"container\" data-e-type=\"container\" data-settings=\"{&quot;ecs_container_type&quot;:&quot;flex&quot;}\">\n\t\t\t\t\t<div class=\"e-con-inner\">\n\t\t\t\t<div class=\"elementor-element elementor-element-7bbf707 elementor-widget elementor-widget-text-editor\" data-id=\"7bbf707\" data-element_type=\"widget\" data-e-type=\"widget\" data-widget_type=\"text-editor.default\">\n\t\t\t\t<div class=\"elementor-widget-container\">\n\t\t\t\t\t\t\t\t\t<p><span style=\"font-weight: 400;\">El complejo contempla:<\/span><\/p><ul><li style=\"font-weight: 400;\" aria-level=\"1\"><b>Tres torres de departamentos dise\u00f1adas bajo el concepto de Biofilia<\/b><span style=\"font-weight: 400;\">,\u00a0<\/span><\/li><li style=\"font-weight: 400;\" aria-level=\"1\"><span style=\"font-weight: 400;\">Integra la arquitectura con la naturaleza, <\/span><b>resalta el entorno natural<\/b><span style=\"font-weight: 400;\"> y promueve el uso responsable del espacio y sus amenities, dise\u00f1ados y enfocados en <\/span><b>mejorar la calidad de vida f\u00edsica, emocional y mental<\/b><span style=\"font-weight: 400;\"> de los residentes.\u00a0<\/span><\/li><li style=\"font-weight: 400;\" aria-level=\"1\"><span style=\"font-weight: 400;\">Adicionalmente, el proyecto contar\u00e1 con m\u00e1s de 200.000 metros de \u00e1reas verdes y bosque protegido, por lo cual, <\/span><b>reducir\u00e1 m\u00e1s de 1.600 toneladas de CO\u2082<\/b><span style=\"font-weight: 400;\"> al a\u00f1o.<\/span><\/li><\/ul>\t\t\t\t\t\t\t\t<\/div>\n\t\t\t\t<\/div>\n\t\t\t\t\t<\/div>\n\t\t\t\t<\/div>\n\t\t<div data-particle_enable=\"false\" data-particle-mobile-disabled=\"false\" class=\"elementor-element elementor-element-ee2a0fa e-ecs-flex e-flex e-con-boxed e-con e-parent\" data-id=\"ee2a0fa\" data-element_type=\"container\" data-e-type=\"container\" data-settings=\"{&quot;ecs_container_type&quot;:&quot;flex&quot;}\">\n\t\t\t\t\t<div class=\"e-con-inner\">\n\t\t\t\t<div class=\"elementor-element elementor-element-c34982f elementor-widget elementor-widget-heading\" data-id=\"c34982f\" data-element_type=\"widget\" data-e-type=\"widget\" data-widget_type=\"heading.default\">\n\t\t\t\t<div class=\"elementor-widget-container\">\n\t\t\t\t\t<h2 class=\"elementor-heading-title elementor-size-default\">Sustentabilidad<\/h2>\t\t\t\t<\/div>\n\t\t\t\t<\/div>\n\t\t\t\t\t<\/div>\n\t\t\t\t<\/div>\n\t\t<div data-particle_enable=\"false\" data-particle-mobile-disabled=\"false\" class=\"elementor-element elementor-element-8afd669 e-ecs-flex e-flex e-con-boxed e-con e-parent\" data-id=\"8afd669\" data-element_type=\"container\" data-e-type=\"container\" data-settings=\"{&quot;ecs_container_type&quot;:&quot;flex&quot;}\">\n\t\t\t\t\t<div class=\"e-con-inner\">\n\t\t\t\t<div class=\"elementor-element elementor-element-60009ed elementor-widget elementor-widget-text-editor\" data-id=\"60009ed\" data-element_type=\"widget\" data-e-type=\"widget\" data-widget_type=\"text-editor.default\">\n\t\t\t\t<div class=\"elementor-widget-container\">\n\t\t\t\t\t\t\t\t\t<p><span style=\"font-weight: 400;\">Una de las caracter\u00edsticas que hacen \u00fanica a la <\/span><a href=\"https:\/\/www.crystal-lagoons.com\/es\/our-green-world\/\"><b>tecnolog\u00eda de Crystal Lagoons<\/b><\/a><span style=\"font-weight: 400;\">, y que ser\u00e1 parte de la laguna de este nuevo proyecto, <\/span><b>es su sustentabilidad<\/b><span style=\"font-weight: 400;\">, pues estos cuerpos de agua:<\/span><\/p><ul><li style=\"font-weight: 400;\" aria-level=\"1\"><span style=\"font-weight: 400;\">Se <\/span><b>llenan una sola vez<\/b><span style=\"font-weight: 400;\"> y funcionan en circuito cerrado<\/span><\/li><li style=\"font-weight: 400;\" aria-level=\"1\"><span style=\"font-weight: 400;\">Pueden usar <\/span><b>cualquier tipo de agua: dulce, salada o salobre<\/b><span style=\"font-weight: 400;\"> de las capas subterr\u00e1neas del desierto que no tiene otro uso<\/span><\/li><li style=\"font-weight: 400;\" aria-level=\"1\"><span style=\"font-weight: 400;\">Utilizan <\/span><b>hasta 100 veces menos qu\u00edmicos<\/b><span style=\"font-weight: 400;\"> que las piscinas tradicionales<\/span><\/li><li style=\"font-weight: 400;\" aria-level=\"1\"><span style=\"font-weight: 400;\">Consumen <\/span><b>s\u00f3lo el 2% de la energ\u00eda<\/b><span style=\"font-weight: 400;\"> requerida por las tecnolog\u00edas convencionales de filtrado<\/span><\/li><li style=\"font-weight: 400;\" aria-level=\"1\"><span style=\"font-weight: 400;\">Usan hasta <\/span><b>33 veces menos agua<\/b><span style=\"font-weight: 400;\"> que un campo de golf de 18 hoyos y <\/span><b>hasta 40 veces menos agua<\/b><span style=\"font-weight: 400;\"> que un parque de las mismas dimensiones<\/span><\/li><\/ul><p><span style=\"font-weight: 400;\">Contenido original<\/span><\/p><p><span style=\"font-weight: 400;\">\u00a0<\/span><\/p>\t\t\t\t\t\t\t\t<\/div>\n\t\t\t\t<\/div>\n\t\t\t\t\t<\/div>\n\t\t\t\t<\/div>\n\t\t\t\t<\/div>\n\t\t","protected":false},"excerpt":{"rendered":"<p>El primero de los complejos super\u00f3 todas las expectativas comerciales y obtuvo un rotundo \u00e9xito, pues la proyecci\u00f3n de venta para seis meses, se cumpli\u00f3 en 10 d\u00edas. Continuamos expandi\u00e9ndonos a nivel mundial y acab\u00e1mos de concretar el arribo a un nuevo mercado. Se trata de El Salvador, en donde firm\u00f3 un acuerdo para desarrollar [&hellip;]<\/p>\n","protected":false},"author":15,"featured_media":28596,"comment_status":"closed","ping_status":"closed","sticky":false,"template":"","format":"standard","meta":{"_acf_changed":false,"footnotes":""},"categories":[30],"tags":[],"class_list":["post-28598","post","type-post","status-publish","format-standard","has-post-thumbnail","hentry","category-latest-news"],"acf":[],"yoast_head":"<!-- This site is optimized with the Yoast SEO plugin v27.5 - https:\/\/yoast.com\/product\/yoast-seo-wordpress\/ -->\n<title>Crystal Lagoons Ingresa a El Salvador con Seis Proyectos<\/title>\n<meta name=\"description\" content=\"El primer desarrollo super\u00f3 todas las expectativas comerciales, logrando alcanzar los objetivos de ventas de seis meses en solo 10 d\u00edas.\" \/>\n<meta name=\"robots\" content=\"index, follow, max-snippet:-1, max-image-preview:large, max-video-preview:-1\" \/>\n<link rel=\"canonical\" href=\"https:\/\/www.crystal-lagoons.com\/crystal-lagoons-expands-to-el-salvador-with-six-real-estate-and-pal-projects\/\" \/>\n<meta property=\"og:locale\" content=\"es_ES\" \/>\n<meta property=\"og:type\" content=\"article\" \/>\n<meta property=\"og:title\" content=\"Crystal Lagoons Ingresa a El Salvador con Seis Proyectos\" \/>\n<meta property=\"og:description\" content=\"El primer desarrollo super\u00f3 todas las expectativas comerciales, logrando alcanzar los objetivos de ventas de seis meses en solo 10 d\u00edas.\" \/>\n<meta property=\"og:url\" content=\"https:\/\/www.crystal-lagoons.com\/crystal-lagoons-expands-to-el-salvador-with-six-real-estate-and-pal-projects\/\" \/>\n<meta property=\"og:site_name\" content=\"Crystal Lagoons\" \/>\n<meta property=\"article:published_time\" content=\"2025-09-03T13:28:37+00:00\" \/>\n<meta property=\"article:modified_time\" content=\"2026-02-18T19:39:33+00:00\" \/>\n<meta property=\"og:image\" content=\"https:\/\/www.crystal-lagoons.com\/wp-content\/uploads\/2025\/09\/EPPERSON_Isla-2021-Pantallazo-video-CR-NEW-1920x1080-1.jpg\" \/>\n\t<meta property=\"og:image:width\" content=\"1920\" \/>\n\t<meta property=\"og:image:height\" content=\"1080\" \/>\n\t<meta property=\"og:image:type\" content=\"image\/jpeg\" \/>\n<meta name=\"author\" content=\"mbarroilhet\" \/>\n<meta name=\"twitter:card\" content=\"summary_large_image\" \/>\n<meta name=\"twitter:label1\" content=\"Escrito por\" \/>\n\t<meta name=\"twitter:data1\" content=\"mbarroilhet\" \/>\n\t<meta name=\"twitter:label2\" content=\"Tiempo de lectura\" \/>\n\t<meta name=\"twitter:data2\" content=\"3 minutos\" \/>\n<script type=\"application\/ld+json\" class=\"yoast-schema-graph\">{\"@context\":\"https:\\\/\\\/schema.org\",\"@graph\":[{\"@type\":\"Article\",\"@id\":\"https:\\\/\\\/www.crystal-lagoons.com\\\/crystal-lagoons-expands-to-el-salvador-with-six-real-estate-and-pal-projects\\\/#article\",\"isPartOf\":{\"@id\":\"https:\\\/\\\/www.crystal-lagoons.com\\\/crystal-lagoons-expands-to-el-salvador-with-six-real-estate-and-pal-projects\\\/\"},\"author\":{\"name\":\"mbarroilhet\",\"@id\":\"https:\\\/\\\/www.crystal-lagoons.com\\\/#\\\/schema\\\/person\\\/eacc727e724cc36648f0e99294f1504e\"},\"headline\":\"Crystal Lagoons Ingresa a El Salvador con Seis Proyectos Inmobiliarios y PAL\u00ae\",\"datePublished\":\"2025-09-03T13:28:37+00:00\",\"dateModified\":\"2026-02-18T19:39:33+00:00\",\"mainEntityOfPage\":{\"@id\":\"https:\\\/\\\/www.crystal-lagoons.com\\\/crystal-lagoons-expands-to-el-salvador-with-six-real-estate-and-pal-projects\\\/\"},\"wordCount\":563,\"publisher\":{\"@id\":\"https:\\\/\\\/www.crystal-lagoons.com\\\/#organization\"},\"image\":{\"@id\":\"https:\\\/\\\/www.crystal-lagoons.com\\\/crystal-lagoons-expands-to-el-salvador-with-six-real-estate-and-pal-projects\\\/#primaryimage\"},\"thumbnailUrl\":\"https:\\\/\\\/www.crystal-lagoons.com\\\/wp-content\\\/uploads\\\/2025\\\/09\\\/EPPERSON_Isla-2021-Pantallazo-video-CR-NEW-1920x1080-1.jpg\",\"articleSection\":[\"Latest News\"],\"inLanguage\":\"es\"},{\"@type\":\"WebPage\",\"@id\":\"https:\\\/\\\/www.crystal-lagoons.com\\\/crystal-lagoons-expands-to-el-salvador-with-six-real-estate-and-pal-projects\\\/\",\"url\":\"https:\\\/\\\/www.crystal-lagoons.com\\\/crystal-lagoons-expands-to-el-salvador-with-six-real-estate-and-pal-projects\\\/\",\"name\":\"Crystal Lagoons Ingresa a El Salvador con Seis Proyectos\",\"isPartOf\":{\"@id\":\"https:\\\/\\\/www.crystal-lagoons.com\\\/#website\"},\"primaryImageOfPage\":{\"@id\":\"https:\\\/\\\/www.crystal-lagoons.com\\\/crystal-lagoons-expands-to-el-salvador-with-six-real-estate-and-pal-projects\\\/#primaryimage\"},\"image\":{\"@id\":\"https:\\\/\\\/www.crystal-lagoons.com\\\/crystal-lagoons-expands-to-el-salvador-with-six-real-estate-and-pal-projects\\\/#primaryimage\"},\"thumbnailUrl\":\"https:\\\/\\\/www.crystal-lagoons.com\\\/wp-content\\\/uploads\\\/2025\\\/09\\\/EPPERSON_Isla-2021-Pantallazo-video-CR-NEW-1920x1080-1.jpg\",\"datePublished\":\"2025-09-03T13:28:37+00:00\",\"dateModified\":\"2026-02-18T19:39:33+00:00\",\"description\":\"El primer desarrollo super\u00f3 todas las expectativas comerciales, logrando alcanzar los objetivos de ventas de seis meses en solo 10 d\u00edas.\",\"breadcrumb\":{\"@id\":\"https:\\\/\\\/www.crystal-lagoons.com\\\/crystal-lagoons-expands-to-el-salvador-with-six-real-estate-and-pal-projects\\\/#breadcrumb\"},\"inLanguage\":\"es\",\"potentialAction\":[{\"@type\":\"ReadAction\",\"target\":[\"https:\\\/\\\/www.crystal-lagoons.com\\\/crystal-lagoons-expands-to-el-salvador-with-six-real-estate-and-pal-projects\\\/\"]}]},{\"@type\":\"ImageObject\",\"inLanguage\":\"es\",\"@id\":\"https:\\\/\\\/www.crystal-lagoons.com\\\/crystal-lagoons-expands-to-el-salvador-with-six-real-estate-and-pal-projects\\\/#primaryimage\",\"url\":\"https:\\\/\\\/www.crystal-lagoons.com\\\/wp-content\\\/uploads\\\/2025\\\/09\\\/EPPERSON_Isla-2021-Pantallazo-video-CR-NEW-1920x1080-1.jpg\",\"contentUrl\":\"https:\\\/\\\/www.crystal-lagoons.com\\\/wp-content\\\/uploads\\\/2025\\\/09\\\/EPPERSON_Isla-2021-Pantallazo-video-CR-NEW-1920x1080-1.jpg\",\"width\":1920,\"height\":1080},{\"@type\":\"BreadcrumbList\",\"@id\":\"https:\\\/\\\/www.crystal-lagoons.com\\\/crystal-lagoons-expands-to-el-salvador-with-six-real-estate-and-pal-projects\\\/#breadcrumb\",\"itemListElement\":[{\"@type\":\"ListItem\",\"position\":1,\"name\":\"Portada\",\"item\":\"https:\\\/\\\/www.crystal-lagoons.com\\\/\"},{\"@type\":\"ListItem\",\"position\":2,\"name\":\"Crystal Lagoons Ingresa a El Salvador con Seis Proyectos Inmobiliarios y PAL\u00ae\"}]},{\"@type\":\"WebSite\",\"@id\":\"https:\\\/\\\/www.crystal-lagoons.com\\\/#website\",\"url\":\"https:\\\/\\\/www.crystal-lagoons.com\\\/\",\"name\":\"Crystal Lagoons\",\"description\":\"\",\"publisher\":{\"@id\":\"https:\\\/\\\/www.crystal-lagoons.com\\\/#organization\"},\"potentialAction\":[{\"@type\":\"SearchAction\",\"target\":{\"@type\":\"EntryPoint\",\"urlTemplate\":\"https:\\\/\\\/www.crystal-lagoons.com\\\/?s={search_term_string}\"},\"query-input\":{\"@type\":\"PropertyValueSpecification\",\"valueRequired\":true,\"valueName\":\"search_term_string\"}}],\"inLanguage\":\"es\"},{\"@type\":\"Organization\",\"@id\":\"https:\\\/\\\/www.crystal-lagoons.com\\\/#organization\",\"name\":\"Crystal Lagoons\",\"url\":\"https:\\\/\\\/www.crystal-lagoons.com\\\/\",\"logo\":{\"@type\":\"ImageObject\",\"inLanguage\":\"es\",\"@id\":\"https:\\\/\\\/www.crystal-lagoons.com\\\/#\\\/schema\\\/logo\\\/image\\\/\",\"url\":\"https:\\\/\\\/www.crystal-lagoons.com\\\/wp-content\\\/uploads\\\/2023\\\/12\\\/logo_cl-1.png\",\"contentUrl\":\"https:\\\/\\\/www.crystal-lagoons.com\\\/wp-content\\\/uploads\\\/2023\\\/12\\\/logo_cl-1.png\",\"width\":687,\"height\":136,\"caption\":\"Crystal Lagoons\"},\"image\":{\"@id\":\"https:\\\/\\\/www.crystal-lagoons.com\\\/#\\\/schema\\\/logo\\\/image\\\/\"}},{\"@type\":\"Person\",\"@id\":\"https:\\\/\\\/www.crystal-lagoons.com\\\/#\\\/schema\\\/person\\\/eacc727e724cc36648f0e99294f1504e\",\"name\":\"mbarroilhet\",\"image\":{\"@type\":\"ImageObject\",\"inLanguage\":\"es\",\"@id\":\"https:\\\/\\\/secure.gravatar.com\\\/avatar\\\/6eccbc5ed49c480b6bc1b29ef0eed6d103eedfafde016884916db6914c238270?s=96&d=mm&r=g\",\"url\":\"https:\\\/\\\/secure.gravatar.com\\\/avatar\\\/6eccbc5ed49c480b6bc1b29ef0eed6d103eedfafde016884916db6914c238270?s=96&d=mm&r=g\",\"contentUrl\":\"https:\\\/\\\/secure.gravatar.com\\\/avatar\\\/6eccbc5ed49c480b6bc1b29ef0eed6d103eedfafde016884916db6914c238270?s=96&d=mm&r=g\",\"caption\":\"mbarroilhet\"},\"url\":\"https:\\\/\\\/www.crystal-lagoons.com\\\/es\\\/author\\\/mbarroilhet\\\/\"}]}<\/script>\n<!-- \/ Yoast SEO plugin. -->","yoast_head_json":{"title":"Crystal Lagoons Ingresa a El Salvador con Seis Proyectos","description":"El primer desarrollo super\u00f3 todas las expectativas comerciales, logrando alcanzar los objetivos de ventas de seis meses en solo 10 d\u00edas.","robots":{"index":"index","follow":"follow","max-snippet":"max-snippet:-1","max-image-preview":"max-image-preview:large","max-video-preview":"max-video-preview:-1"},"canonical":"https:\/\/www.crystal-lagoons.com\/crystal-lagoons-expands-to-el-salvador-with-six-real-estate-and-pal-projects\/","og_locale":"es_ES","og_type":"article","og_title":"Crystal Lagoons Ingresa a El Salvador con Seis Proyectos","og_description":"El primer desarrollo super\u00f3 todas las expectativas comerciales, logrando alcanzar los objetivos de ventas de seis meses en solo 10 d\u00edas.","og_url":"https:\/\/www.crystal-lagoons.com\/crystal-lagoons-expands-to-el-salvador-with-six-real-estate-and-pal-projects\/","og_site_name":"Crystal Lagoons","article_published_time":"2025-09-03T13:28:37+00:00","article_modified_time":"2026-02-18T19:39:33+00:00","og_image":[{"width":1920,"height":1080,"url":"https:\/\/www.crystal-lagoons.com\/wp-content\/uploads\/2025\/09\/EPPERSON_Isla-2021-Pantallazo-video-CR-NEW-1920x1080-1.jpg","type":"image\/jpeg"}],"author":"mbarroilhet","twitter_card":"summary_large_image","twitter_misc":{"Escrito por":"mbarroilhet","Tiempo de lectura":"3 minutos"},"schema":{"@context":"https:\/\/schema.org","@graph":[{"@type":"Article","@id":"https:\/\/www.crystal-lagoons.com\/crystal-lagoons-expands-to-el-salvador-with-six-real-estate-and-pal-projects\/#article","isPartOf":{"@id":"https:\/\/www.crystal-lagoons.com\/crystal-lagoons-expands-to-el-salvador-with-six-real-estate-and-pal-projects\/"},"author":{"name":"mbarroilhet","@id":"https:\/\/www.crystal-lagoons.com\/#\/schema\/person\/eacc727e724cc36648f0e99294f1504e"},"headline":"Crystal Lagoons Ingresa a El Salvador con Seis Proyectos Inmobiliarios y PAL\u00ae","datePublished":"2025-09-03T13:28:37+00:00","dateModified":"2026-02-18T19:39:33+00:00","mainEntityOfPage":{"@id":"https:\/\/www.crystal-lagoons.com\/crystal-lagoons-expands-to-el-salvador-with-six-real-estate-and-pal-projects\/"},"wordCount":563,"publisher":{"@id":"https:\/\/www.crystal-lagoons.com\/#organization"},"image":{"@id":"https:\/\/www.crystal-lagoons.com\/crystal-lagoons-expands-to-el-salvador-with-six-real-estate-and-pal-projects\/#primaryimage"},"thumbnailUrl":"https:\/\/www.crystal-lagoons.com\/wp-content\/uploads\/2025\/09\/EPPERSON_Isla-2021-Pantallazo-video-CR-NEW-1920x1080-1.jpg","articleSection":["Latest News"],"inLanguage":"es"},{"@type":"WebPage","@id":"https:\/\/www.crystal-lagoons.com\/crystal-lagoons-expands-to-el-salvador-with-six-real-estate-and-pal-projects\/","url":"https:\/\/www.crystal-lagoons.com\/crystal-lagoons-expands-to-el-salvador-with-six-real-estate-and-pal-projects\/","name":"Crystal Lagoons Ingresa a El Salvador con Seis Proyectos","isPartOf":{"@id":"https:\/\/www.crystal-lagoons.com\/#website"},"primaryImageOfPage":{"@id":"https:\/\/www.crystal-lagoons.com\/crystal-lagoons-expands-to-el-salvador-with-six-real-estate-and-pal-projects\/#primaryimage"},"image":{"@id":"https:\/\/www.crystal-lagoons.com\/crystal-lagoons-expands-to-el-salvador-with-six-real-estate-and-pal-projects\/#primaryimage"},"thumbnailUrl":"https:\/\/www.crystal-lagoons.com\/wp-content\/uploads\/2025\/09\/EPPERSON_Isla-2021-Pantallazo-video-CR-NEW-1920x1080-1.jpg","datePublished":"2025-09-03T13:28:37+00:00","dateModified":"2026-02-18T19:39:33+00:00","description":"El primer desarrollo super\u00f3 todas las expectativas comerciales, logrando alcanzar los objetivos de ventas de seis meses en solo 10 d\u00edas.","breadcrumb":{"@id":"https:\/\/www.crystal-lagoons.com\/crystal-lagoons-expands-to-el-salvador-with-six-real-estate-and-pal-projects\/#breadcrumb"},"inLanguage":"es","potentialAction":[{"@type":"ReadAction","target":["https:\/\/www.crystal-lagoons.com\/crystal-lagoons-expands-to-el-salvador-with-six-real-estate-and-pal-projects\/"]}]},{"@type":"ImageObject","inLanguage":"es","@id":"https:\/\/www.crystal-lagoons.com\/crystal-lagoons-expands-to-el-salvador-with-six-real-estate-and-pal-projects\/#primaryimage","url":"https:\/\/www.crystal-lagoons.com\/wp-content\/uploads\/2025\/09\/EPPERSON_Isla-2021-Pantallazo-video-CR-NEW-1920x1080-1.jpg","contentUrl":"https:\/\/www.crystal-lagoons.com\/wp-content\/uploads\/2025\/09\/EPPERSON_Isla-2021-Pantallazo-video-CR-NEW-1920x1080-1.jpg","width":1920,"height":1080},{"@type":"BreadcrumbList","@id":"https:\/\/www.crystal-lagoons.com\/crystal-lagoons-expands-to-el-salvador-with-six-real-estate-and-pal-projects\/#breadcrumb","itemListElement":[{"@type":"ListItem","position":1,"name":"Portada","item":"https:\/\/www.crystal-lagoons.com\/"},{"@type":"ListItem","position":2,"name":"Crystal Lagoons Ingresa a El Salvador con Seis Proyectos Inmobiliarios y PAL\u00ae"}]},{"@type":"WebSite","@id":"https:\/\/www.crystal-lagoons.com\/#website","url":"https:\/\/www.crystal-lagoons.com\/","name":"Crystal Lagoons","description":"","publisher":{"@id":"https:\/\/www.crystal-lagoons.com\/#organization"},"potentialAction":[{"@type":"SearchAction","target":{"@type":"EntryPoint","urlTemplate":"https:\/\/www.crystal-lagoons.com\/?s={search_term_string}"},"query-input":{"@type":"PropertyValueSpecification","valueRequired":true,"valueName":"search_term_string"}}],"inLanguage":"es"},{"@type":"Organization","@id":"https:\/\/www.crystal-lagoons.com\/#organization","name":"Crystal Lagoons","url":"https:\/\/www.crystal-lagoons.com\/","logo":{"@type":"ImageObject","inLanguage":"es","@id":"https:\/\/www.crystal-lagoons.com\/#\/schema\/logo\/image\/","url":"https:\/\/www.crystal-lagoons.com\/wp-content\/uploads\/2023\/12\/logo_cl-1.png","contentUrl":"https:\/\/www.crystal-lagoons.com\/wp-content\/uploads\/2023\/12\/logo_cl-1.png","width":687,"height":136,"caption":"Crystal Lagoons"},"image":{"@id":"https:\/\/www.crystal-lagoons.com\/#\/schema\/logo\/image\/"}},{"@type":"Person","@id":"https:\/\/www.crystal-lagoons.com\/#\/schema\/person\/eacc727e724cc36648f0e99294f1504e","name":"mbarroilhet","image":{"@type":"ImageObject","inLanguage":"es","@id":"https:\/\/secure.gravatar.com\/avatar\/6eccbc5ed49c480b6bc1b29ef0eed6d103eedfafde016884916db6914c238270?s=96&d=mm&r=g","url":"https:\/\/secure.gravatar.com\/avatar\/6eccbc5ed49c480b6bc1b29ef0eed6d103eedfafde016884916db6914c238270?s=96&d=mm&r=g","contentUrl":"https:\/\/secure.gravatar.com\/avatar\/6eccbc5ed49c480b6bc1b29ef0eed6d103eedfafde016884916db6914c238270?s=96&d=mm&r=g","caption":"mbarroilhet"},"url":"https:\/\/www.crystal-lagoons.com\/es\/author\/mbarroilhet\/"}]}},"_links":{"self":[{"href":"https:\/\/www.crystal-lagoons.com\/es\/wp-json\/wp\/v2\/posts\/28598","targetHints":{"allow":["GET"]}}],"collection":[{"href":"https:\/\/www.crystal-lagoons.com\/es\/wp-json\/wp\/v2\/posts"}],"about":[{"href":"https:\/\/www.crystal-lagoons.com\/es\/wp-json\/wp\/v2\/types\/post"}],"author":[{"embeddable":true,"href":"https:\/\/www.crystal-lagoons.com\/es\/wp-json\/wp\/v2\/users\/15"}],"replies":[{"embeddable":true,"href":"https:\/\/www.crystal-lagoons.com\/es\/wp-json\/wp\/v2\/comments?post=28598"}],"version-history":[{"count":0,"href":"https:\/\/www.crystal-lagoons.com\/es\/wp-json\/wp\/v2\/posts\/28598\/revisions"}],"wp:featuredmedia":[{"embeddable":true,"href":"https:\/\/www.crystal-lagoons.com\/es\/wp-json\/wp\/v2\/media\/28596"}],"wp:attachment":[{"href":"https:\/\/www.crystal-lagoons.com\/es\/wp-json\/wp\/v2\/media?parent=28598"}],"wp:term":[{"taxonomy":"category","embeddable":true,"href":"https:\/\/www.crystal-lagoons.com\/es\/wp-json\/wp\/v2\/categories?post=28598"},{"taxonomy":"post_tag","embeddable":true,"href":"https:\/\/www.crystal-lagoons.com\/es\/wp-json\/wp\/v2\/tags?post=28598"}],"curies":[{"name":"wp","href":"https:\/\/api.w.org\/{rel}","templated":true}]}}